{"@context":"https:\/\/schema.org\/","@type":"CollectionPage","@id":"https:\/\/www.propoj.cz\/vyrobky\/#CollectionPage","headline":"V\u00fdrobky Category","description":"","url":"https:\/\/www.propoj.cz\/vyrobky\/","hasPart":[{"@type":"Article","@id":"https:\/\/www.propoj.cz\/elektrina-neni-problem\/","headline":"Elekt\u0159ina nen\u00ed probl\u00e9m","url":"https:\/\/www.propoj.cz\/elektrina-neni-problem\/","datePublished":"2018-01-16","dateModified":"2023-05-07","mainEntityOfPage":"https:\/\/www.propoj.cz\/elektrina-neni-problem\/","author":{"@type":"Person","@id":"https:\/\/www.propoj.cz\/author\/#Person","name":"","url":"https:\/\/www.propoj.cz\/author\/","identifier":1,"image":{"@type":"ImageObject","@id":"https:\/\/secure.gravatar.com\/avatar\/a8eff27a95921eb0334c4b46176282bd?s=96&d=mm&r=g","url":"https:\/\/secure.gravatar.com\/avatar\/a8eff27a95921eb0334c4b46176282bd?s=96&d=mm&r=g","height":96,"width":96}},"publisher":{"@type":"Organization","name":"propoj.cz","logo":{"@type":"ImageObject","@id":"\/logo.png","url":"\/logo.png","width":600,"height":60}},"image":{"@type":"ImageObject","@id":"https:\/\/www.propoj.cz\/wp-content\/uploads\/img_a310178_w1765_t1521110934.jpg","url":"https:\/\/www.propoj.cz\/wp-content\/uploads\/img_a310178_w1765_t1521110934.jpg","height":0,"width":0},"keywords":null},{"@type":"Article","@id":"https:\/\/www.propoj.cz\/odstranujte-necistoty-bez-namahy\/","headline":"Odstra\u0148ujte ne\u010distoty bez n\u00e1mahy","url":"https:\/\/www.propoj.cz\/odstranujte-necistoty-bez-namahy\/","datePublished":"2017-04-07","dateModified":"2023-05-07","mainEntityOfPage":"https:\/\/www.propoj.cz\/odstranujte-necistoty-bez-namahy\/","author":{"@type":"Person","@id":"https:\/\/www.propoj.cz\/author\/#Person","name":"","url":"https:\/\/www.propoj.cz\/author\/","identifier":1,"image":{"@type":"ImageObject","@id":"https:\/\/secure.gravatar.com\/avatar\/a8eff27a95921eb0334c4b46176282bd?s=96&d=mm&r=g","url":"https:\/\/secure.gravatar.com\/avatar\/a8eff27a95921eb0334c4b46176282bd?s=96&d=mm&r=g","height":96,"width":96}},"publisher":{"@type":"Organization","name":"propoj.cz","logo":{"@type":"ImageObject","@id":"\/logo.png","url":"\/logo.png","width":600,"height":60}},"image":{"@type":"ImageObject","@id":"https:\/\/www.propoj.cz\/wp-content\/uploads\/img_a292957_w2364_t1505367749.jpg","url":"https:\/\/www.propoj.cz\/wp-content\/uploads\/img_a292957_w2364_t1505367749.jpg","height":0,"width":0},"keywords":null}]}