{"@context":"https:\/\/schema.org\/","@type":"CollectionPage","@id":"https:\/\/www.propoj.cz\/vyrobky\/#CollectionPage","headline":"V\u00fdrobky Category","description":"","url":"https:\/\/www.propoj.cz\/vyrobky\/","hasPart":[{"@type":"Article","@id":"https:\/\/www.propoj.cz\/pri-vyberu-nove-dlazby-postupujte-krok-po-kroku-jaky-zvolit-material-a-design\/","headline":"P\u0159i v\u00fdb\u011bru nov\u00e9 dla\u017eby postupujte krok po kroku &#8211; Jak\u00fd zvolit materi\u00e1l a design?","url":"https:\/\/www.propoj.cz\/pri-vyberu-nove-dlazby-postupujte-krok-po-kroku-jaky-zvolit-material-a-design\/","datePublished":"2021-10-03","dateModified":"2023-05-07","mainEntityOfPage":"https:\/\/www.propoj.cz\/pri-vyberu-nove-dlazby-postupujte-krok-po-kroku-jaky-zvolit-material-a-design\/","author":{"@type":"Person","@id":"https:\/\/www.propoj.cz\/author\/#Person","name":"","url":"https:\/\/www.propoj.cz\/author\/","identifier":1,"image":{"@type":"ImageObject","@id":"https:\/\/secure.gravatar.com\/avatar\/a8eff27a95921eb0334c4b46176282bd?s=96&d=mm&r=g","url":"https:\/\/secure.gravatar.com\/avatar\/a8eff27a95921eb0334c4b46176282bd?s=96&d=mm&r=g","height":96,"width":96}},"publisher":{"@type":"Organization","name":"propoj.cz","logo":{"@type":"ImageObject","@id":"\/logo.png","url":"\/logo.png","width":600,"height":60}},"image":{"@type":"ImageObject","@id":"https:\/\/www.propoj.cz\/wp-content\/uploads\/pexels-photo-207204.jpeg","url":"https:\/\/www.propoj.cz\/wp-content\/uploads\/pexels-photo-207204.jpeg","height":0,"width":0},"keywords":null},{"@type":"Article","@id":"https:\/\/www.propoj.cz\/i-cepice-pro-damy-existuji\/","headline":"I \u010depice pro d\u00e1my existuj\u00ed","url":"https:\/\/www.propoj.cz\/i-cepice-pro-damy-existuji\/","datePublished":"2021-08-11","dateModified":"2023-05-07","mainEntityOfPage":"https:\/\/www.propoj.cz\/i-cepice-pro-damy-existuji\/","author":{"@type":"Person","@id":"https:\/\/www.propoj.cz\/author\/#Person","name":"","url":"https:\/\/www.propoj.cz\/author\/","identifier":1,"image":{"@type":"ImageObject","@id":"https:\/\/secure.gravatar.com\/avatar\/a8eff27a95921eb0334c4b46176282bd?s=96&d=mm&r=g","url":"https:\/\/secure.gravatar.com\/avatar\/a8eff27a95921eb0334c4b46176282bd?s=96&d=mm&r=g","height":96,"width":96}},"publisher":{"@type":"Organization","name":"propoj.cz","logo":{"@type":"ImageObject","@id":"\/logo.png","url":"\/logo.png","width":600,"height":60}},"image":{"@type":"ImageObject","@id":"https:\/\/www.propoj.cz\/wp-content\/uploads\/d%C3%ADvky%20a%20%C4%8Depice.PNG","url":"https:\/\/www.propoj.cz\/wp-content\/uploads\/d%C3%ADvky%20a%20%C4%8Depice.PNG","height":0,"width":0},"keywords":null},{"@type":"Article","@id":"https:\/\/www.propoj.cz\/houpani-deti-zboznuji\/","headline":"Houp\u00e1n\u00ed d\u011bti zbo\u017e\u0148uj\u00ed","url":"https:\/\/www.propoj.cz\/houpani-deti-zboznuji\/","datePublished":"2021-06-26","dateModified":"2023-05-07","mainEntityOfPage":"https:\/\/www.propoj.cz\/houpani-deti-zboznuji\/","author":{"@type":"Person","@id":"https:\/\/www.propoj.cz\/author\/#Person","name":"","url":"https:\/\/www.propoj.cz\/author\/","identifier":1,"image":{"@type":"ImageObject","@id":"https:\/\/secure.gravatar.com\/avatar\/a8eff27a95921eb0334c4b46176282bd?s=96&d=mm&r=g","url":"https:\/\/secure.gravatar.com\/avatar\/a8eff27a95921eb0334c4b46176282bd?s=96&d=mm&r=g","height":96,"width":96}},"publisher":{"@type":"Organization","name":"propoj.cz","logo":{"@type":"ImageObject","@id":"\/logo.png","url":"\/logo.png","width":600,"height":60}},"image":{"@type":"ImageObject","@id":"https:\/\/www.propoj.cz\/wp-content\/uploads\/d%C3%ADt%C4%9B%20na%20houpa%C4%8D%C4%8Dce.jpg","url":"https:\/\/www.propoj.cz\/wp-content\/uploads\/d%C3%ADt%C4%9B%20na%20houpa%C4%8D%C4%8Dce.jpg","height":0,"width":0},"keywords":null},{"@type":"Article","@id":"https:\/\/www.propoj.cz\/cim-zastresit-posezeni-venku\/","headline":"\u010c\u00edm zast\u0159e\u0161it posezen\u00ed venku?","url":"https:\/\/www.propoj.cz\/cim-zastresit-posezeni-venku\/","datePublished":"2021-05-15","dateModified":"2023-12-08","mainEntityOfPage":"https:\/\/www.propoj.cz\/cim-zastresit-posezeni-venku\/","author":{"@type":"Person","@id":"https:\/\/www.propoj.cz\/author\/#Person","name":"","url":"https:\/\/www.propoj.cz\/author\/","identifier":1,"image":{"@type":"ImageObject","@id":"https:\/\/secure.gravatar.com\/avatar\/a8eff27a95921eb0334c4b46176282bd?s=96&d=mm&r=g","url":"https:\/\/secure.gravatar.com\/avatar\/a8eff27a95921eb0334c4b46176282bd?s=96&d=mm&r=g","height":96,"width":96}},"publisher":{"@type":"Organization","name":"propoj.cz","logo":{"@type":"ImageObject","@id":"\/logo.png","url":"\/logo.png","width":600,"height":60}},"image":{"@type":"ImageObject","@id":"https:\/\/www.propoj.cz\/wp-content\/uploads\/D%C5%99ev%C4%9Bn%C3%A1%20pergola_4.jpg","url":"https:\/\/www.propoj.cz\/wp-content\/uploads\/D%C5%99ev%C4%9Bn%C3%A1%20pergola_4.jpg","height":0,"width":0},"keywords":null},{"@type":"Article","@id":"https:\/\/www.propoj.cz\/kompresor-zajisti-dostatek-stlaceneho-vzduchu\/","headline":"Kompresor zajist\u00ed dostatek stla\u010den\u00e9ho vzduchu","url":"https:\/\/www.propoj.cz\/kompresor-zajisti-dostatek-stlaceneho-vzduchu\/","datePublished":"2021-03-16","dateModified":"2023-05-07","mainEntityOfPage":"https:\/\/www.propoj.cz\/kompresor-zajisti-dostatek-stlaceneho-vzduchu\/","author":{"@type":"Person","@id":"https:\/\/www.propoj.cz\/author\/#Person","name":"","url":"https:\/\/www.propoj.cz\/author\/","identifier":1,"image":{"@type":"ImageObject","@id":"https:\/\/secure.gravatar.com\/avatar\/a8eff27a95921eb0334c4b46176282bd?s=96&d=mm&r=g","url":"https:\/\/secure.gravatar.com\/avatar\/a8eff27a95921eb0334c4b46176282bd?s=96&d=mm&r=g","height":96,"width":96}},"publisher":{"@type":"Organization","name":"propoj.cz","logo":{"@type":"ImageObject","@id":"\/logo.png","url":"\/logo.png","width":600,"height":60}},"image":{"@type":"ImageObject","@id":"https:\/\/www.propoj.cz\/wp-content\/uploads\/ukazatel%20tlaku.jpg","url":"https:\/\/www.propoj.cz\/wp-content\/uploads\/ukazatel%20tlaku.jpg","height":0,"width":0},"keywords":null},{"@type":"Article","@id":"https:\/\/www.propoj.cz\/makrolon-desky\/","headline":"Makrolon desky","url":"https:\/\/www.propoj.cz\/makrolon-desky\/","datePublished":"2021-02-17","dateModified":"2023-09-01","mainEntityOfPage":"https:\/\/www.propoj.cz\/makrolon-desky\/","author":{"@type":"Person","@id":"https:\/\/www.propoj.cz\/author\/#Person","name":"","url":"https:\/\/www.propoj.cz\/author\/","identifier":1,"image":{"@type":"ImageObject","@id":"https:\/\/secure.gravatar.com\/avatar\/a8eff27a95921eb0334c4b46176282bd?s=96&d=mm&r=g","url":"https:\/\/secure.gravatar.com\/avatar\/a8eff27a95921eb0334c4b46176282bd?s=96&d=mm&r=g","height":96,"width":96}},"publisher":{"@type":"Organization","name":"propoj.cz","logo":{"@type":"ImageObject","@id":"\/logo.png","url":"\/logo.png","width":600,"height":60}},"image":{"@type":"ImageObject","@id":"https:\/\/www.propoj.cz\/wp-content\/uploads\/vhodn%C3%A9%20desky.PNG","url":"https:\/\/www.propoj.cz\/wp-content\/uploads\/vhodn%C3%A9%20desky.PNG","height":0,"width":0},"keywords":null},{"@type":"Article","@id":"https:\/\/www.propoj.cz\/proc-je-zabradli-na-balkon-nezbytne\/","headline":"Pro\u010d je z\u00e1bradl\u00ed na balk\u00f3n nezbytn\u00e9","url":"https:\/\/www.propoj.cz\/proc-je-zabradli-na-balkon-nezbytne\/","datePublished":"2020-12-14","dateModified":"2023-05-07","mainEntityOfPage":"https:\/\/www.propoj.cz\/proc-je-zabradli-na-balkon-nezbytne\/","author":{"@type":"Person","@id":"https:\/\/www.propoj.cz\/author\/#Person","name":"","url":"https:\/\/www.propoj.cz\/author\/","identifier":1,"image":{"@type":"ImageObject","@id":"https:\/\/secure.gravatar.com\/avatar\/a8eff27a95921eb0334c4b46176282bd?s=96&d=mm&r=g","url":"https:\/\/secure.gravatar.com\/avatar\/a8eff27a95921eb0334c4b46176282bd?s=96&d=mm&r=g","height":96,"width":96}},"publisher":{"@type":"Organization","name":"propoj.cz","logo":{"@type":"ImageObject","@id":"\/logo.png","url":"\/logo.png","width":600,"height":60}},"image":{"@type":"ImageObject","@id":"https:\/\/www.propoj.cz\/wp-content\/uploads\/hypoteka3_10_10_10_6.jpg","url":"https:\/\/www.propoj.cz\/wp-content\/uploads\/hypoteka3_10_10_10_6.jpg","height":0,"width":0},"keywords":null},{"@type":"Article","@id":"https:\/\/www.propoj.cz\/tricka-s-vlastnim-potiskem-vyjadruji-nasi-osobnost\/","headline":"Tri\u010dka s vlastn\u00edm potiskem vyjad\u0159uj\u00ed na\u0161i osobnost","url":"https:\/\/www.propoj.cz\/tricka-s-vlastnim-potiskem-vyjadruji-nasi-osobnost\/","datePublished":"2020-11-17","dateModified":"2023-11-02","mainEntityOfPage":"https:\/\/www.propoj.cz\/tricka-s-vlastnim-potiskem-vyjadruji-nasi-osobnost\/","author":{"@type":"Person","@id":"https:\/\/www.propoj.cz\/author\/#Person","name":"","url":"https:\/\/www.propoj.cz\/author\/","identifier":1,"image":{"@type":"ImageObject","@id":"https:\/\/secure.gravatar.com\/avatar\/a8eff27a95921eb0334c4b46176282bd?s=96&d=mm&r=g","url":"https:\/\/secure.gravatar.com\/avatar\/a8eff27a95921eb0334c4b46176282bd?s=96&d=mm&r=g","height":96,"width":96}},"publisher":{"@type":"Organization","name":"propoj.cz","logo":{"@type":"ImageObject","@id":"\/logo.png","url":"\/logo.png","width":600,"height":60}},"image":{"@type":"ImageObject","@id":"https:\/\/www.propoj.cz\/wp-content\/uploads\/%C4%8Derven%C3%A9%20triko%20a%20od%C4%9Bv.jpg","url":"https:\/\/www.propoj.cz\/wp-content\/uploads\/%C4%8Derven%C3%A9%20triko%20a%20od%C4%9Bv.jpg","height":0,"width":0},"keywords":null},{"@type":"Article","@id":"https:\/\/www.propoj.cz\/idealni-nabytek-do-garsonek\/","headline":"Ide\u00e1ln\u00ed n\u00e1bytek do garsonek","url":"https:\/\/www.propoj.cz\/idealni-nabytek-do-garsonek\/","datePublished":"2020-11-15","dateModified":"2023-05-07","mainEntityOfPage":"https:\/\/www.propoj.cz\/idealni-nabytek-do-garsonek\/","author":{"@type":"Person","@id":"https:\/\/www.propoj.cz\/author\/#Person","name":"","url":"https:\/\/www.propoj.cz\/author\/","identifier":1,"image":{"@type":"ImageObject","@id":"https:\/\/secure.gravatar.com\/avatar\/a8eff27a95921eb0334c4b46176282bd?s=96&d=mm&r=g","url":"https:\/\/secure.gravatar.com\/avatar\/a8eff27a95921eb0334c4b46176282bd?s=96&d=mm&r=g","height":96,"width":96}},"publisher":{"@type":"Organization","name":"propoj.cz","logo":{"@type":"ImageObject","@id":"\/logo.png","url":"\/logo.png","width":600,"height":60}},"image":{"@type":"ImageObject","@id":"https:\/\/www.propoj.cz\/wp-content\/uploads\/Oble%C4%8Den%C3%AD%20ve%20sk%C5%99%C3%ADni_3.jpg","url":"https:\/\/www.propoj.cz\/wp-content\/uploads\/Oble%C4%8Den%C3%AD%20ve%20sk%C5%99%C3%ADni_3.jpg","height":0,"width":0},"keywords":null},{"@type":"Article","@id":"https:\/\/www.propoj.cz\/muzeme-susene-kvetiny-vyrabet-sami-a-jake-ma-susena-kvetina-nevyhody\/","headline":"M\u016f\u017eeme su\u0161en\u00e9 kv\u011btiny vyr\u00e1b\u011bt sami, a jak\u00e9 m\u00e1 su\u0161en\u00e1 kv\u011btina nev\u00fdhody?","url":"https:\/\/www.propoj.cz\/muzeme-susene-kvetiny-vyrabet-sami-a-jake-ma-susena-kvetina-nevyhody\/","datePublished":"2020-08-20","dateModified":"2023-05-07","mainEntityOfPage":"https:\/\/www.propoj.cz\/muzeme-susene-kvetiny-vyrabet-sami-a-jake-ma-susena-kvetina-nevyhody\/","author":{"@type":"Person","@id":"https:\/\/www.propoj.cz\/author\/#Person","name":"","url":"https:\/\/www.propoj.cz\/author\/","identifier":1,"image":{"@type":"ImageObject","@id":"https:\/\/secure.gravatar.com\/avatar\/a8eff27a95921eb0334c4b46176282bd?s=96&d=mm&r=g","url":"https:\/\/secure.gravatar.com\/avatar\/a8eff27a95921eb0334c4b46176282bd?s=96&d=mm&r=g","height":96,"width":96}},"publisher":{"@type":"Organization","name":"propoj.cz","logo":{"@type":"ImageObject","@id":"\/logo.png","url":"\/logo.png","width":600,"height":60}},"image":{"@type":"ImageObject","@id":"https:\/\/www.propoj.cz\/wp-content\/uploads\/img_a385769_w2943_t1597833180.jpg","url":"https:\/\/www.propoj.cz\/wp-content\/uploads\/img_a385769_w2943_t1597833180.jpg","height":0,"width":0},"keywords":null}]}