[{"@context":"https:\/\/schema.org\/","@type":"Article","@id":"https:\/\/www.propoj.cz\/vretenove-schodiste-prakticke-i-krasne\/#Article","mainEntityOfPage":"https:\/\/www.propoj.cz\/vretenove-schodiste-prakticke-i-krasne\/","headline":"V\u0159etenov\u00e9 schodi\u0161t\u011b praktick\u00e9 i kr\u00e1sn\u00e9","name":"V\u0159etenov\u00e9 schodi\u0161t\u011b praktick\u00e9 i kr\u00e1sn\u00e9","description":"Nav\u0161t\u00edvili jste n\u011bkdy z\u00e1mek Lednice anebo hrad Koko\u0159\u00edn? V avizovan\u00e9m hradn\u00edm objektu objev\u00edte to\u010dit\u00e9 kamenn\u00e9 schody vedouc\u00ed z hradn\u00ed v\u011b\u017ee na kamenn\u00fd ochoz a jejich stavitel\u00e9 s nimi po\u010d\u00edtali jako s d\u016fle\u017eit\u00fdm obrann\u00fdm prvkem. Jsou zhotoven\u00e9 tak, aby m\u011bli obr\u00e1nci hradu snaz\u0161\u00ed \u00falohu p\u0159i ovl\u00e1d\u00e1n\u00ed zbran\u011b pravou rukou, proto bylo schodi\u0161t\u011b pravoto\u010div\u00e9. \u00dato\u010dn\u00edci museli naopak [&hellip;]","datePublished":"2025-06-07","dateModified":"2025-06-07","author":{"@type":"Person","@id":"https:\/\/www.propoj.cz\/author\/#Person","name":"","url":"https:\/\/www.propoj.cz\/author\/","identifier":1,"image":{"@type":"ImageObject","@id":"https:\/\/secure.gravatar.com\/avatar\/a8eff27a95921eb0334c4b46176282bd?s=96&d=mm&r=g","url":"https:\/\/secure.gravatar.com\/avatar\/a8eff27a95921eb0334c4b46176282bd?s=96&d=mm&r=g","height":96,"width":96}},"publisher":{"@type":"Organization","name":"propoj.cz","logo":{"@type":"ImageObject","@id":"\/logo.png","url":"\/logo.png","width":600,"height":60}},"image":{"@type":"ImageObject","@id":"https:\/\/www.propoj.cz\/wp-content\/uploads\/fridge-2639507_640_1.jpg","url":"https:\/\/www.propoj.cz\/wp-content\/uploads\/fridge-2639507_640_1.jpg","height":0,"width":0},"url":"https:\/\/www.propoj.cz\/vretenove-schodiste-prakticke-i-krasne\/","about":["V\u00fdrobky"],"wordCount":402,"articleBody":"      Nav\u0161t\u00edvili jste n\u011bkdy z\u00e1mek Lednice anebo hrad Koko\u0159\u00edn? V avizovan\u00e9m hradn\u00edm objektu objev\u00edte to\u010dit\u00e9 kamenn\u00e9 schody vedouc\u00ed z hradn\u00ed v\u011b\u017ee na kamenn\u00fd ochoz a jejich stavitel\u00e9 s nimi po\u010d\u00edtali jako s d\u016fle\u017eit\u00fdm obrann\u00fdm prvkem. Jsou zhotoven\u00e9 tak, aby m\u011bli obr\u00e1nci hradu snaz\u0161\u00ed \u00falohu p\u0159i ovl\u00e1d\u00e1n\u00ed zbran\u011b pravou rukou, proto bylo schodi\u0161t\u011b pravoto\u010div\u00e9. \u00dato\u010dn\u00edci museli naopak dr\u017eet zbra\u0148 v ruce lev\u00e9 a to je zna\u010dn\u011b znev\u00fdhod\u0148ovalo, nebo\u0165 se p\u0159edpokl\u00e1dalo, \u017ee mezi nimi bude p\u0159evaha prav\u00e1k\u016f, nikoli lev\u00e1k\u016f.V lednick\u00e9m z\u00e1mku se ji\u017e pochopiteln\u011b nejedn\u00e1 o obrann\u00e9 schody, tam se jaksi v polovin\u011b devaten\u00e1ct\u00e9ho stolet\u00ed nepo\u010d\u00edtalo s barbarsk\u00fdmi n\u00e1jezdy a plen\u011bn\u00edm s\u00eddel \u0161lechty, co\u017e bylo zvykem je\u0161t\u011b za t\u0159icetilet\u00e9 v\u00e1lky, tud\u00ed\u017e se zde mohli stavitel\u00e9 pln\u011b soust\u0159edit zejm\u00e9na na estetickou str\u00e1nku v\u011bci. A to se jim tak\u00e9 povedlo, nahl\u00e9dnete-li do z\u00e1meck\u00e9 knihovny, spat\u0159\u00edte tam samonosn\u00e9 spir\u00e1lov\u00e9 schodi\u0161t\u011b, \u00fadajn\u011b vy\u0159ez\u00e1van\u00e9 z jednoho kusu stromu. Tamn\u00ed ornament\u00e1ln\u00ed v\u00fdzdoba je dechberouc\u00ed, v\u0161e je tu dokonale slad\u011bno v barv\u011b d\u0159eva obklad\u016f st\u011bn a stropu a velmi zaj\u00edmav\u011b tu s d\u0159evem kontrastuj\u00ed tyrkysov\u00e9 tapety a tyrkysov\u00e9 potahy sedac\u00ed soupravy. Z\u00e1meck\u00e1 knihovna pat\u0159\u00ed k nejkr\u00e1sn\u011bj\u0161\u00edm prostor\u00e1m lednick\u00e9ho z\u00e1mku a d\u00edky unik\u00e1tn\u00edmu schodi\u0161ti tak\u00e9 k nejvyhled\u00e1van\u011bj\u0161\u00edm pam\u00e1tk\u00e1m v cel\u00e9 Evrop\u011b.N\u011bkter\u00e9 typy schodi\u0161\u0165 zkr\u00e1tka um\u00ed b\u00fdt nejen velmi \u0161ikovn\u00e9 a praktick\u00e9, ale i nesm\u00edrn\u011b kr\u00e1sn\u00e9 a atraktivn\u00ed. Tehdy se pro z\u00e1mek Lednice zhotovovalo spir\u00e1lov\u00e9 schodi\u0161t\u011b velmi nam\u00e1havou ru\u010dn\u00ed \u0159ezb\u00e1\u0159skou prac\u00ed, dnes se tyto typy schodi\u0161\u0165 pochopiteln\u011b vyr\u00e1b\u00ed jinak, s pomoc\u00ed techniky, nicm\u00e9n\u011b i tyto v\u00fdrobky v\u00e1m mohou br\u00e1t dech svou neoby\u010dejnou eleganc\u00ed a p\u016fsobnost\u00ed. A chcete-li a m\u00e1te-li mo\u017enost, teoreticky je mo\u017en\u00e9 vyhotovit podle sm\u011bl\u00e9ho projektu v\u0159etenov\u00e9 schodi\u0161t\u011b t\u0159eba tak, \u017ee propoj\u00ed v jednom bod\u011b dv\u011b a\u017e t\u0159i patra od suter\u00e9nu a\u017e po st\u0159echu, co\u017e v\u00e1m ve va\u0161em p\u0159\u00edbytku z\u00e1rove\u0148 u\u0161et\u0159\u00ed spoustu m\u00edsta.                                                                                                                                                                                                                                                                                                                                                                                           5\/5 - (4 votes)        "},{"@context":"https:\/\/schema.org\/","@type":"BreadcrumbList","itemListElement":[{"@type":"ListItem","position":1,"name":"V\u0159etenov\u00e9 schodi\u0161t\u011b praktick\u00e9 i kr\u00e1sn\u00e9","item":"https:\/\/www.propoj.cz\/vretenove-schodiste-prakticke-i-krasne\/#breadcrumbitem"}]}]