[{"@context":"https:\/\/schema.org\/","@type":"Article","@id":"https:\/\/www.propoj.cz\/unsco-dalsi-dve-zelizka-v-ohni\/#Article","mainEntityOfPage":"https:\/\/www.propoj.cz\/unsco-dalsi-dve-zelizka-v-ohni\/","headline":"UNSCO \u2013 dal\u0161\u00ed dv\u011b \u017eel\u00edzka v ohni","name":"UNSCO \u2013 dal\u0161\u00ed dv\u011b \u017eel\u00edzka v ohni","description":"UNSCO je organizac\u00ed OSN, kter\u00e1 m\u00e1 za \u00fakol starat se o d\u011bdictv\u00ed na\u0161ich p\u0159edk\u016f v\u00a0podob\u011b pam\u00e1tek, kter\u00e9 po sob\u011b zanechali a jsou pova\u017eov\u00e1ny za unik\u00e1t, kter\u00fd se vyskytuje pouze v\u00a0jedn\u00e9 jedin\u00e9 variant\u011b na cel\u00e9m sv\u011bt\u011b. Celkem je na seznamu t\u00e9to organizace zaps\u00e1no tis\u00edce r\u016fzn\u00fdch pam\u00e1tek. Tento rok se seznam rozrostl o v\u00edce ne\u017e t\u0159icet dal\u0161\u00edch [&hellip;]","datePublished":"2020-01-21","dateModified":"2020-01-21","author":{"@type":"Person","@id":"https:\/\/www.propoj.cz\/author\/#Person","name":"","url":"https:\/\/www.propoj.cz\/author\/","identifier":1,"image":{"@type":"ImageObject","@id":"https:\/\/secure.gravatar.com\/avatar\/a8eff27a95921eb0334c4b46176282bd?s=96&d=mm&r=g","url":"https:\/\/secure.gravatar.com\/avatar\/a8eff27a95921eb0334c4b46176282bd?s=96&d=mm&r=g","height":96,"width":96}},"publisher":{"@type":"Organization","name":"propoj.cz","logo":{"@type":"ImageObject","@id":"\/logo.png","url":"\/logo.png","width":600,"height":60}},"image":{"@type":"ImageObject","@id":"https:\/\/www.propoj.cz\/wp-content\/uploads\/img_a354237_w3265_t1568810409.jpg","url":"https:\/\/www.propoj.cz\/wp-content\/uploads\/img_a354237_w3265_t1568810409.jpg","height":0,"width":0},"url":"https:\/\/www.propoj.cz\/unsco-dalsi-dve-zelizka-v-ohni\/","about":["Kultura"],"wordCount":426,"articleBody":"UNSCO je organizac\u00ed OSN, kter\u00e1 m\u00e1 za \u00fakol starat se o d\u011bdictv\u00ed na\u0161ich p\u0159edk\u016f v\u00a0podob\u011b pam\u00e1tek, kter\u00e9 po sob\u011b zanechali a jsou pova\u017eov\u00e1ny za unik\u00e1t, kter\u00fd se vyskytuje pouze v\u00a0jedn\u00e9 jedin\u00e9 variant\u011b na cel\u00e9m sv\u011bt\u011b. Celkem je na seznamu t\u00e9to organizace zaps\u00e1no tis\u00edce r\u016fzn\u00fdch pam\u00e1tek. Tento rok se seznam rozrostl o v\u00edce ne\u017e t\u0159icet dal\u0161\u00edch pam\u00e1tek a ani \u010cesk\u00e1 republika nez\u016fstala pozadu. K\u00a0celkov\u00e9mu po\u010dtu \u010dtrn\u00e1cti pam\u00e1tek v\u00a0\u010cech\u00e1ch, mezi kter\u00e9 pat\u0159\u00ed nap\u0159\u00edklad Praha, kostel Jana Nepomuck\u00e9ho na Zelen\u00e9 ho\u0159e, Lednicko-valtick\u00fd are\u00e1l, Kutn\u00e1 Hora, Krom\u011b\u0159\u00ed\u017e nebo t\u0159eba vesni\u010dka Hola\u0161ovice, p\u0159ibyly dal\u0161\u00ed dv\u011b v\u00a0podob\u011b Kladrubsk\u00e9ho h\u0159eb\u010d\u00ednu a hornick\u00fd region Kru\u0161noho\u0159\u00ed, se kter\u00fdm se d\u011bl\u00edme spole\u010dn\u011b s\u00a0na\u0161imi n\u011bmeck\u00fdmi sousedy.\tKru\u0161noho\u0159\u00ed si sv\u00e9 m\u00edsto vybojovalo samoz\u0159ejm\u011b stejn\u011b jako v\u0161echny tyto pam\u00e1tky na seznamu d\u00edky sv\u00e9 v\u00fdjime\u010dnosti a jedine\u010dnosti. Z\u00e1rove\u0148 se jedn\u00e1 o v\u00fdznamn\u00e9 m\u00edsto, kde v\u00a0obdob\u00ed 16. stolet\u00ed vznikaly technick\u00e9 vyn\u00e1lezy a vymo\u017eenosti v\u00a0oblasti t\u011b\u017eby a hutnictv\u00ed. Tyto skv\u011bl\u00e9 vyn\u00e1lezy se pot\u00e9 roz\u0161\u00ed\u0159ily do cel\u00e9 Evropy a n\u00e1sledn\u011b i do zbytku sv\u011bta.\tKladrubsk\u00fd h\u0159eb\u010d\u00edn je n\u00e1rodn\u00edm h\u0159eb\u010d\u00ednem, a nach\u00e1zej\u00ed se zde nejlep\u0161\u00ed kon\u011b (p\u0159ibli\u017en\u011b okolo 300 kon\u00ed) s\u00a0prvot\u0159\u00eddn\u00edm v\u00fdcvikem i rodokmenem. To ov\u0161em nebylo d\u016fvodem k\u00a0tomu, aby se na tento seznam p\u0159es hlasov\u00e1n\u00ed komise dostal.\tRozhoduj\u00edc\u00edm faktorem byla toti\u017e kr\u00e1sn\u00e1 a t\u00e9m\u011b\u0159 neporu\u0161en\u00e1 krajina nach\u00e1zej\u00edc\u00ed se v\u00a0jeho okol\u00ed. H\u0159eb\u010d\u00edn to ale nem\u00e1 tak jednoduch\u00e9, proto\u017ee dostal od poroty schvaluj\u00edc\u00ed pam\u00e1tky p\u00e1r p\u0159ipom\u00ednek a \u00fakol\u016f, kter\u00e9 bude muset spravit nebo vylep\u0161it. \u0158editel h\u0159eb\u010d\u00edna se ov\u0161em domn\u00edv\u00e1, \u017ee tyto po\u017eadavky by nem\u011bly p\u0159edstavovat v\u016fbec \u017e\u00e1dn\u00fd probl\u00e9m. Ka\u017edoro\u010dn\u011b se zde m\u016f\u017eete tak\u00e9 p\u0159ijet pod\u00edvat na nejr\u016fzn\u011bj\u0161\u00ed z\u00e1vody kon\u00ed, byla by toti\u017e velk\u00e1 \u0161koda tuto pam\u00e1tku spole\u010dn\u011b s\u00a0Kru\u0161noho\u0159\u00edm nenav\u0161t\u00edvit, abyste se sami na vlastn\u00ed o\u010di mohli p\u0159esv\u011bd\u010dit o jejich jedine\u010dnosti, a utvo\u0159it si n\u00e1zor na to, zda maj\u00ed na tomto seznamu opravdu sv\u00e9 m\u00edsto zaslou\u017een\u011b.                                                                                                                                                                                                                                                                                                                                                                                        3.7\/5 - (3 votes)        "},{"@context":"https:\/\/schema.org\/","@type":"BreadcrumbList","itemListElement":[{"@type":"ListItem","position":1,"name":"UNSCO \u2013 dal\u0161\u00ed dv\u011b \u017eel\u00edzka v ohni","item":"https:\/\/www.propoj.cz\/unsco-dalsi-dve-zelizka-v-ohni\/#breadcrumbitem"}]}]