[{"@context":"https:\/\/schema.org\/","@type":"Article","@id":"https:\/\/www.propoj.cz\/udelejte-paradu-s-oblecenim-wolf\/#Article","mainEntityOfPage":"https:\/\/www.propoj.cz\/udelejte-paradu-s-oblecenim-wolf\/","headline":"Ud\u011blejte par\u00e1du s oble\u010den\u00edm wolf","name":"Ud\u011blejte par\u00e1du s oble\u010den\u00edm wolf","description":"Pokud si chcete po&Aring;&#8482;&Atilde;&shy;dit n&Auml;&#8250;jak&Atilde;&copy; kvalitn&Atilde;&shy; oble&Auml;en&Atilde;&shy;, kter&Atilde;&copy; je dostupn&Atilde;&copy; za velice p&Aring;&#8482;&Atilde;&shy;znivou cenovou nab&Atilde;&shy;dku, pak se n&Atilde;&iexcl;m ur&Auml;it&Auml;&#8250; ozv&Auml;&#8250;te a my V&Atilde;&iexcl;m ve velk&Atilde;&copy;m doru&Auml;&Atilde;&shy;me tyto jedine&Auml;n&Atilde;&copy; od&Auml;&#8250;vy, kter&Atilde;&copy; si jist&Auml;&#8250; hned zamilujete. Toto oble&Auml;en&Atilde;&shy; se m&Aring;&macr;&Aring;&frac34;e pochlubit nejen svou eleganc&Atilde;&shy;, ale tak&Atilde;&copy; velice p&Aring;&#8482;&Atilde;&shy;jemn&Atilde;&frac12;m materi&Atilde;&iexcl;lem, tak&Aring;&frac34;e na sob&Auml;&#8250; budete nosit opravdov&Atilde;&frac12; styl, kter&Atilde;&frac12; [&hellip;]","datePublished":"2023-02-27","dateModified":"2024-03-05","author":{"@type":"Person","@id":"https:\/\/www.propoj.cz\/author\/#Person","name":"","url":"https:\/\/www.propoj.cz\/author\/","identifier":1,"image":{"@type":"ImageObject","@id":"https:\/\/secure.gravatar.com\/avatar\/a8eff27a95921eb0334c4b46176282bd?s=96&d=mm&r=g","url":"https:\/\/secure.gravatar.com\/avatar\/a8eff27a95921eb0334c4b46176282bd?s=96&d=mm&r=g","height":96,"width":96}},"publisher":{"@type":"Organization","name":"propoj.cz","logo":{"@type":"ImageObject","@id":"\/logo.png","url":"\/logo.png","width":600,"height":60}},"url":"https:\/\/www.propoj.cz\/udelejte-paradu-s-oblecenim-wolf\/","wordCount":438,"articleBody":"Pokud si chcete po&Aring;&#8482;&Atilde;&shy;dit n&Auml;&#8250;jak&Atilde;&copy; kvalitn&Atilde;&shy; oble&Auml;en&Atilde;&shy;, kter&Atilde;&copy; je dostupn&Atilde;&copy; za velice p&Aring;&#8482;&Atilde;&shy;znivou cenovou nab&Atilde;&shy;dku, pak se n&Atilde;&iexcl;m ur&Auml;it&Auml;&#8250; ozv&Auml;&#8250;te a my V&Atilde;&iexcl;m ve velk&Atilde;&copy;m doru&Auml;&Atilde;&shy;me tyto jedine&Auml;n&Atilde;&copy; od&Auml;&#8250;vy, kter&Atilde;&copy; si jist&Auml;&#8250; hned zamilujete. Toto oble&Auml;en&Atilde;&shy; se m&Aring;&macr;&Aring;&frac34;e pochlubit nejen svou eleganc&Atilde;&shy;, ale tak&Atilde;&copy; velice p&Aring;&#8482;&Atilde;&shy;jemn&Atilde;&frac12;m materi&Atilde;&iexcl;lem, tak&Aring;&frac34;e na sob&Auml;&#8250; budete nosit opravdov&Atilde;&frac12; styl, kter&Atilde;&frac12; je velmi p&Aring;&#8482;&Atilde;&shy;jemn&Atilde;&frac12;. Ur&Auml;it&Auml;&#8250; z&Acirc;&nbsp;vlastn&Atilde;&shy; zku&Aring;&iexcl;enosti v&Atilde;&shy;te, &Aring;&frac34;e komfort se stylem moc dob&Aring;&#8482;e nejdou do sebe, ale s&Acirc;&nbsp;na&Aring;&iexcl;imi od&Auml;&#8250;vy je to nyn&Atilde;&shy; mo&Aring;&frac34;n&Atilde;&copy;, proto u&Aring;&frac34; nic ne&Auml;ekejte a nenechte si uj&Atilde;&shy;t tuto jedine&Auml;nou p&Aring;&#8482;&Atilde;&shy;le&Aring;&frac34;itost, jak chyt&Aring;&#8482;e investovat. V&Auml;&#8250;&Aring;&#8482;&Atilde;&shy;me, &Aring;&frac34;e s&Acirc;&nbsp;na&Aring;&iexcl;&Atilde;&shy;m p&Aring;&#8482;&Atilde;&shy;stupem k&Acirc;&nbsp;V&Atilde;&iexcl;m, ale i s&Acirc;&nbsp;n&Atilde;&shy;zk&Atilde;&frac12;mi cenami budete maxim&Atilde;&iexcl;ln&Auml;&#8250; spokojeni, proto nev&Atilde;&iexcl;hejte a ozv&Auml;&#8250;te se n&Atilde;&iexcl;m je&Aring;&iexcl;t&Auml;&#8250; dnes!Cenov&Auml;&#8250; p&Aring;&#8482;ijateln&Atilde;&iexcl; nab&Atilde;&shy;dkaV&Aring;&iexcl;echno na&Aring;&iexcl;e velmi kvalitn&Atilde;&shy; oble&Auml;en&Atilde;&shy; wolf jsme si pro V&Atilde;&iexcl;s dovolili p&Aring;&#8482;ichystat za velice p&Aring;&#8482;&Atilde;&shy;znivou cenovou nab&Atilde;&shy;dku, proto pokud chcete chyt&Aring;&#8482;e investovat, pak se n&Atilde;&iexcl;m ur&Auml;it&Auml;&#8250; ozv&Auml;&#8250;te a my v&Auml;&#8250;&Aring;&#8482;&Atilde;&shy;me, &Aring;&frac34;e spole&Auml;n&Auml;&#8250; nalezneme &Aring;&#8482;e&Aring;&iexcl;en&Atilde;&shy;, kter&Atilde;&copy; bude v&Atilde;&frac12;hodn&Atilde;&copy; pro ob&Auml;&#8250; dv&Auml;&#8250; strany, proto n&Atilde;&iexcl;s ur&Auml;it&Auml;&#8250; v&Acirc;&nbsp;co nejbli&Aring;&frac34;&Aring;&iexcl;&Atilde;&shy; dob&Auml;&#8250; kontaktujte.                                                                                                                                                                                                                                                                                                                                                                                        4.6\/5 - (9 votes)        "},{"@context":"https:\/\/schema.org\/","@type":"BreadcrumbList","itemListElement":[{"@type":"ListItem","position":1,"name":"Ud\u011blejte par\u00e1du s oble\u010den\u00edm wolf","item":"https:\/\/www.propoj.cz\/udelejte-paradu-s-oblecenim-wolf\/#breadcrumbitem"}]}]