[{"@context":"https:\/\/schema.org\/","@type":"Article","@id":"https:\/\/www.propoj.cz\/stehovani-do-zahranici-s-profesionaly-na-jeden-zatah\/#Article","mainEntityOfPage":"https:\/\/www.propoj.cz\/stehovani-do-zahranici-s-profesionaly-na-jeden-zatah\/","headline":"St\u011bhov\u00e1n\u00ed do zahrani\u010d\u00ed s profesion\u00e1ly na jeden z\u00e1tah","name":"St\u011bhov\u00e1n\u00ed do zahrani\u010d\u00ed s profesion\u00e1ly na jeden z\u00e1tah","description":"Ka\u017ed\u00fd rok p\u0159il\u00e9taj\u00ed k na\u0161emu bytov\u00e9mu domu ji\u0159i\u010dky, kter\u00e9 si tu vybudovaly hn\u00edzdo na okenn\u00edm ost\u011bn\u00ed. Ji\u0159i\u010dky p\u0159il\u00e9taj\u00ed koncem dubna a odl\u00e9taj\u00ed zhruba v z\u00e1\u0159\u00ed, aby p\u0159e\u010dkaly zimn\u00ed obdob\u00ed v teplej\u0161\u00ed oblasti. P\u0159izn\u00e1m se, \u017ee bych tak\u00e9 r\u00e1d tr\u00e1vil zimu n\u011bkde jinde a kdybych m\u011bl mo\u017enost, odst\u011bhoval bych se odtud t\u0159eba do Chorvatska nebo do [&hellip;]","datePublished":"2026-01-09","dateModified":"2026-01-09","author":{"@type":"Person","@id":"https:\/\/www.propoj.cz\/author\/#Person","name":"","url":"https:\/\/www.propoj.cz\/author\/","identifier":1,"image":{"@type":"ImageObject","@id":"https:\/\/secure.gravatar.com\/avatar\/a8eff27a95921eb0334c4b46176282bd?s=96&d=mm&r=g","url":"https:\/\/secure.gravatar.com\/avatar\/a8eff27a95921eb0334c4b46176282bd?s=96&d=mm&r=g","height":96,"width":96}},"publisher":{"@type":"Organization","name":"propoj.cz","logo":{"@type":"ImageObject","@id":"\/logo.png","url":"\/logo.png","width":600,"height":60}},"image":{"@type":"ImageObject","@id":"https:\/\/www.propoj.cz\/wp-content\/uploads\/raizorsharp-highway-7140352_640.jpg","url":"https:\/\/www.propoj.cz\/wp-content\/uploads\/raizorsharp-highway-7140352_640.jpg","height":0,"width":0},"url":"https:\/\/www.propoj.cz\/stehovani-do-zahranici-s-profesionaly-na-jeden-zatah\/","about":["Slu\u017eby"],"wordCount":422,"articleBody":"        Ka\u017ed\u00fd rok p\u0159il\u00e9taj\u00ed k na\u0161emu bytov\u00e9mu domu ji\u0159i\u010dky, kter\u00e9 si tu vybudovaly hn\u00edzdo na okenn\u00edm ost\u011bn\u00ed. Ji\u0159i\u010dky p\u0159il\u00e9taj\u00ed koncem dubna a odl\u00e9taj\u00ed zhruba v z\u00e1\u0159\u00ed, aby p\u0159e\u010dkaly zimn\u00ed obdob\u00ed v teplej\u0161\u00ed oblasti. P\u0159izn\u00e1m se, \u017ee bych tak\u00e9 r\u00e1d tr\u00e1vil zimu n\u011bkde jinde a kdybych m\u011bl mo\u017enost, odst\u011bhoval bych se odtud t\u0159eba do Chorvatska nebo do \u0160pan\u011blska. Miluji teplo a miluji l\u00e9to a ka\u017ed\u00fd rok se moc t\u011b\u0161\u00edm, a\u017e kone\u010dn\u011b pomine \u00fanor a za\u010dnou se v b\u0159eznu objevovat prvn\u00ed n\u00e1znaky jara. Sv\u016fj nov\u00fd domov bych si p\u0159edstavoval n\u011bkde u mo\u0159e, kter\u00e9 je p\u0159\u00edjemn\u00e9 i v dob\u011b, kdy nen\u00ed zrovna ide\u00e1ln\u00ed teplota na koup\u00e1n\u00ed, ale z\u00e1rove\u0148 nemrzne a teplota ovzdu\u0161\u00ed se st\u00e1le dr\u017e\u00ed pom\u011brn\u011b vysoko nad nulou. Bydlen\u00ed v tepl\u00fdch oblastech Evropy tak\u00e9 m\u016f\u017ee zna\u010dn\u00fdm zp\u016fsobem ovlivnit dom\u00e1c\u00ed rozpo\u010det, co se t\u00fd\u010de v\u00fddaj\u016f za vyt\u00e1p\u011bn\u00ed obytn\u00fdch prostor.Kdybych se st\u011bhoval do Chorvatska, It\u00e1lie, ji\u017en\u00ed Francie nebo \u0160pan\u011blska, oslovil bych za t\u00edmto \u00fa\u010delem st\u011bhovac\u00ed firmu. Profesion\u00e1ln\u00ed st\u011bhov\u00e1n\u00ed do zahrani\u010d\u00ed mi v tomto sm\u011bru p\u0159ipad\u00e1 zcela p\u0159irozen\u00e9 u\u017e jen pro to, \u017ee st\u011bhov\u00e1ci tuto akci provedou na jeden z\u00e1tah. Maj\u00ed k dispozici st\u011bhovac\u00ed kamion a mohou nar\u00e1z p\u0159est\u011bhovat vybaven\u00ed bytu, rodinn\u00e9ho domu nebo t\u0159eba cel\u00e9 kancel\u00e1\u0159e. Uv\u00edtal bych i slu\u017ebu demont\u00e1\u017ee a mont\u00e1\u017ee n\u00e1bytku, p\u0159\u00edpadn\u00e9 p\u0159en\u00e1\u0161en\u00ed t\u011b\u017e\u0161\u00edch b\u0159emen a tak\u00e9 vykl\u00edzen\u00ed nemovitosti, jestli\u017ee by bylo zapot\u0159eb\u00ed zbavit se n\u011bkter\u00fdch nepot\u0159ebn\u00fdch v\u011bc\u00ed.St\u011bhov\u00e1n\u00ed do zahrani\u010d\u00ed ovliv\u0148uj\u00ed z\u00e1kazy vjezdu kamion\u016fm nad 3,5 tuny na n\u011bkter\u00e9 evropsk\u00e9 d\u00e1lnice v ned\u011bl\u00edch a ve sv\u00e1tky. N\u011bkde se mohou z\u00e1kazy vjezdu vztahovat i na ur\u010dit\u00e9 hodiny v sobotu a v p\u00e1tek. Vyu\u017eil bych tedy vhodn\u00e9 dny mezi pond\u011bl\u00edm a \u010dtvrtkem a vyhnul se tak zbyte\u010dn\u00fdm stresov\u00fdm situac\u00edm. Mo\u017en\u00e9 je i st\u011bhov\u00e1n\u00ed p\u0159es noc, jestli\u017ee na n\u011bj p\u0159istoup\u00ed st\u011bhovac\u00ed firma, m\u016f\u017ee to b\u00fdt v\u00fdhodn\u00e9 nap\u0159\u00edklad v dob\u011b nep\u0159\u00edjemn\u00fdch letn\u00edch tropick\u00fdch veder.                                                                                                                                                                                                                                                                                                                                                                                                  "},{"@context":"https:\/\/schema.org\/","@type":"BreadcrumbList","itemListElement":[{"@type":"ListItem","position":1,"name":"St\u011bhov\u00e1n\u00ed do zahrani\u010d\u00ed s profesion\u00e1ly na jeden z\u00e1tah","item":"https:\/\/www.propoj.cz\/stehovani-do-zahranici-s-profesionaly-na-jeden-zatah\/#breadcrumbitem"}]}]