[{"@context":"https:\/\/schema.org\/","@type":"Article","@id":"https:\/\/www.propoj.cz\/spokojenost-zakaznika-je-nasim-cilem\/#Article","mainEntityOfPage":"https:\/\/www.propoj.cz\/spokojenost-zakaznika-je-nasim-cilem\/","headline":"Spokojenost z\u00e1kazn\u00edka je na\u0161\u00edm c\u00edlem","name":"Spokojenost z\u00e1kazn\u00edka je na\u0161\u00edm c\u00edlem","description":"Spole\u010dnost COLOR FACTORY nab\u00edz\u00ed z\u00e1kazn\u00edk\u016fm origin\u00e1ln\u00ed potisk tri\u010dek. Hrav\u011b si porad\u00edme s Va\u0161\u00edm vlastn\u00edm grafick\u00fdm n\u00e1vrhem, kter\u00fd p\u0159evedeme na vybran\u00fd kus textilu. Zab\u00fdv\u00e1me se tak\u00e9 reklamn\u00ed \u010dinnost\u00ed pro firmy. Vlastn\u00ed logo, motto, telefonn\u00ed kontakty V\u00e1m zobraz\u00edme na r\u016fzn\u00e9 druhy oble\u010den\u00ed. Ty pot\u00e9 v\u011bnujete z\u00e1kazn\u00edk\u016fm jako pozornost nebo dodavatel\u016fm proto, aby m\u011bli Va\u0161i firmu st\u00e1le na [&hellip;]","datePublished":"2025-02-15","dateModified":"2025-02-15","author":{"@type":"Person","@id":"https:\/\/www.propoj.cz\/author\/#Person","name":"","url":"https:\/\/www.propoj.cz\/author\/","identifier":1,"image":{"@type":"ImageObject","@id":"https:\/\/secure.gravatar.com\/avatar\/a8eff27a95921eb0334c4b46176282bd?s=96&d=mm&r=g","url":"https:\/\/secure.gravatar.com\/avatar\/a8eff27a95921eb0334c4b46176282bd?s=96&d=mm&r=g","height":96,"width":96}},"publisher":{"@type":"Organization","name":"propoj.cz","logo":{"@type":"ImageObject","@id":"\/logo.png","url":"\/logo.png","width":600,"height":60}},"url":"https:\/\/www.propoj.cz\/spokojenost-zakaznika-je-nasim-cilem\/","wordCount":163,"articleBody":"Spole\u010dnost COLOR FACTORY nab\u00edz\u00ed z\u00e1kazn\u00edk\u016fm origin\u00e1ln\u00ed potisk tri\u010dek. Hrav\u011b si porad\u00edme s Va\u0161\u00edm vlastn\u00edm grafick\u00fdm n\u00e1vrhem, kter\u00fd p\u0159evedeme na vybran\u00fd kus textilu. Zab\u00fdv\u00e1me se tak\u00e9 reklamn\u00ed \u010dinnost\u00ed pro firmy. Vlastn\u00ed logo, motto, telefonn\u00ed kontakty V\u00e1m zobraz\u00edme na r\u016fzn\u00e9 druhy oble\u010den\u00ed. Ty pot\u00e9 v\u011bnujete z\u00e1kazn\u00edk\u016fm jako pozornost nebo dodavatel\u016fm proto, aby m\u011bli Va\u0161i firmu st\u00e1le na o\u010d\u00edch. Kr\u00e1sn\u00e9 a origin\u00e1ln\u00ed suven\u00fdry P\u0159em\u00fd\u0161l\u00edte nad vlastn\u00edm podnik\u00e1n\u00edm? Bydl\u00edte ve m\u011bst\u011b, kde jsou v\u00fdznamn\u00e9 historick\u00e9 pam\u00e1tky a v l\u00e9t\u011b zde projde tis\u00edce turist\u016f? Vytvo\u0159te motiv Va\u0161eho m\u011bsta, poh\u00e1dkov\u00fdch bytost\u00ed a nestv\u016frek, kter\u00e9 souvis\u00ed s hrady a z\u00e1mky a vyzkou\u0161ejte st\u00e1nkov\u00fd prodej. V\u011b\u0159te, \u017ee to bude spr\u00e1vn\u00e1 volba, jak si dob\u0159e vyd\u011blat.                                                                                                                                                                                                                                                                                                                                                                                                "},{"@context":"https:\/\/schema.org\/","@type":"BreadcrumbList","itemListElement":[{"@type":"ListItem","position":1,"name":"Spokojenost z\u00e1kazn\u00edka je na\u0161\u00edm c\u00edlem","item":"https:\/\/www.propoj.cz\/spokojenost-zakaznika-je-nasim-cilem\/#breadcrumbitem"}]}]