{"@context":"https:\/\/schema.org\/","@type":"CollectionPage","@id":"https:\/\/www.propoj.cz\/sluzby\/#CollectionPage","headline":"Slu\u017eby Category","description":"","url":"https:\/\/www.propoj.cz\/sluzby\/","hasPart":[{"@type":"Article","@id":"https:\/\/www.propoj.cz\/kocarek-riko-basic-do-mesta-i-do-prirody\/","headline":"Ko\u010d\u00e1rek Riko basic do m\u011bsta i do p\u0159\u00edrody","url":"https:\/\/www.propoj.cz\/kocarek-riko-basic-do-mesta-i-do-prirody\/","datePublished":"2022-11-28","dateModified":"2022-11-28","mainEntityOfPage":"https:\/\/www.propoj.cz\/kocarek-riko-basic-do-mesta-i-do-prirody\/","author":{"@type":"Person","@id":"https:\/\/www.propoj.cz\/author\/#Person","name":"","url":"https:\/\/www.propoj.cz\/author\/","identifier":1,"image":{"@type":"ImageObject","@id":"https:\/\/secure.gravatar.com\/avatar\/a8eff27a95921eb0334c4b46176282bd?s=96&d=mm&r=g","url":"https:\/\/secure.gravatar.com\/avatar\/a8eff27a95921eb0334c4b46176282bd?s=96&d=mm&r=g","height":96,"width":96}},"publisher":{"@type":"Organization","name":"propoj.cz","logo":{"@type":"ImageObject","@id":"\/logo.png","url":"\/logo.png","width":600,"height":60}},"image":{"@type":"ImageObject","@id":"https:\/\/www.propoj.cz\/wp-content\/uploads\/stroller-337698_640.jpg","url":"https:\/\/www.propoj.cz\/wp-content\/uploads\/stroller-337698_640.jpg","height":0,"width":0},"keywords":null},{"@type":"Article","@id":"https:\/\/www.propoj.cz\/erotika-pro-zeny-uz-neni-tabu\/","headline":"Erotika pro \u017eeny u\u017e nen\u00ed tabu","url":"https:\/\/www.propoj.cz\/erotika-pro-zeny-uz-neni-tabu\/","datePublished":"2022-06-14","dateModified":"2023-05-07","mainEntityOfPage":"https:\/\/www.propoj.cz\/erotika-pro-zeny-uz-neni-tabu\/","author":{"@type":"Person","@id":"https:\/\/www.propoj.cz\/author\/#Person","name":"","url":"https:\/\/www.propoj.cz\/author\/","identifier":1,"image":{"@type":"ImageObject","@id":"https:\/\/secure.gravatar.com\/avatar\/a8eff27a95921eb0334c4b46176282bd?s=96&d=mm&r=g","url":"https:\/\/secure.gravatar.com\/avatar\/a8eff27a95921eb0334c4b46176282bd?s=96&d=mm&r=g","height":96,"width":96}},"publisher":{"@type":"Organization","name":"propoj.cz","logo":{"@type":"ImageObject","@id":"\/logo.png","url":"\/logo.png","width":600,"height":60}},"image":{"@type":"ImageObject","@id":"https:\/\/www.propoj.cz\/wp-content\/uploads\/pexels-cottonbro-3997983_1.jpg","url":"https:\/\/www.propoj.cz\/wp-content\/uploads\/pexels-cottonbro-3997983_1.jpg","height":0,"width":0},"keywords":null},{"@type":"Article","@id":"https:\/\/www.propoj.cz\/stehovani-v-praze-na-jare-nebo-na-podzim\/","headline":"St\u011bhov\u00e1n\u00ed v Praze na ja\u0159e nebo na podzim","url":"https:\/\/www.propoj.cz\/stehovani-v-praze-na-jare-nebo-na-podzim\/","datePublished":"2022-05-14","dateModified":"2022-05-14","mainEntityOfPage":"https:\/\/www.propoj.cz\/stehovani-v-praze-na-jare-nebo-na-podzim\/","author":{"@type":"Person","@id":"https:\/\/www.propoj.cz\/author\/#Person","name":"","url":"https:\/\/www.propoj.cz\/author\/","identifier":1,"image":{"@type":"ImageObject","@id":"https:\/\/secure.gravatar.com\/avatar\/a8eff27a95921eb0334c4b46176282bd?s=96&d=mm&r=g","url":"https:\/\/secure.gravatar.com\/avatar\/a8eff27a95921eb0334c4b46176282bd?s=96&d=mm&r=g","height":96,"width":96}},"publisher":{"@type":"Organization","name":"propoj.cz","logo":{"@type":"ImageObject","@id":"\/logo.png","url":"\/logo.png","width":600,"height":60}},"image":{"@type":"ImageObject","@id":"https:\/\/www.propoj.cz\/wp-content\/uploads\/copy-space-2535266_640_5.jpg","url":"https:\/\/www.propoj.cz\/wp-content\/uploads\/copy-space-2535266_640_5.jpg","height":0,"width":0},"keywords":null},{"@type":"Article","@id":"https:\/\/www.propoj.cz\/netreba-se-bat-zubaru\/","headline":"Net\u0159eba se b\u00e1t zuba\u0159\u016f","url":"https:\/\/www.propoj.cz\/netreba-se-bat-zubaru\/","datePublished":"2022-02-14","dateModified":"2023-05-07","mainEntityOfPage":"https:\/\/www.propoj.cz\/netreba-se-bat-zubaru\/","author":{"@type":"Person","@id":"https:\/\/www.propoj.cz\/author\/#Person","name":"","url":"https:\/\/www.propoj.cz\/author\/","identifier":1,"image":{"@type":"ImageObject","@id":"https:\/\/secure.gravatar.com\/avatar\/a8eff27a95921eb0334c4b46176282bd?s=96&d=mm&r=g","url":"https:\/\/secure.gravatar.com\/avatar\/a8eff27a95921eb0334c4b46176282bd?s=96&d=mm&r=g","height":96,"width":96}},"publisher":{"@type":"Organization","name":"propoj.cz","logo":{"@type":"ImageObject","@id":"\/logo.png","url":"\/logo.png","width":600,"height":60}},"image":{"@type":"ImageObject","@id":"https:\/\/www.propoj.cz\/wp-content\/uploads\/woman-g7369e47d1_1920.jpg","url":"https:\/\/www.propoj.cz\/wp-content\/uploads\/woman-g7369e47d1_1920.jpg","height":0,"width":0},"keywords":null},{"@type":"Article","@id":"https:\/\/www.propoj.cz\/jak-probiha-uctovani-svj\/","headline":"Jak prob\u00edh\u00e1 \u00fa\u010dtov\u00e1n\u00ed svj","url":"https:\/\/www.propoj.cz\/jak-probiha-uctovani-svj\/","datePublished":"2022-02-04","dateModified":"2023-05-07","mainEntityOfPage":"https:\/\/www.propoj.cz\/jak-probiha-uctovani-svj\/","author":{"@type":"Person","@id":"https:\/\/www.propoj.cz\/author\/#Person","name":"","url":"https:\/\/www.propoj.cz\/author\/","identifier":1,"image":{"@type":"ImageObject","@id":"https:\/\/secure.gravatar.com\/avatar\/a8eff27a95921eb0334c4b46176282bd?s=96&d=mm&r=g","url":"https:\/\/secure.gravatar.com\/avatar\/a8eff27a95921eb0334c4b46176282bd?s=96&d=mm&r=g","height":96,"width":96}},"publisher":{"@type":"Organization","name":"propoj.cz","logo":{"@type":"ImageObject","@id":"\/logo.png","url":"\/logo.png","width":600,"height":60}},"image":{"@type":"ImageObject","@id":"https:\/\/www.propoj.cz\/wp-content\/uploads\/ucetnictvi1.jpg","url":"https:\/\/www.propoj.cz\/wp-content\/uploads\/ucetnictvi1.jpg","height":0,"width":0},"keywords":null},{"@type":"Article","@id":"https:\/\/www.propoj.cz\/kdy-se-vystehovat-abychom-se-vyhnuli-stresu\/","headline":"Kdy se vyst\u011bhovat, abychom se vyhnuli stresu","url":"https:\/\/www.propoj.cz\/kdy-se-vystehovat-abychom-se-vyhnuli-stresu\/","datePublished":"2021-11-07","dateModified":"2023-05-07","mainEntityOfPage":"https:\/\/www.propoj.cz\/kdy-se-vystehovat-abychom-se-vyhnuli-stresu\/","author":{"@type":"Person","@id":"https:\/\/www.propoj.cz\/author\/#Person","name":"","url":"https:\/\/www.propoj.cz\/author\/","identifier":1,"image":{"@type":"ImageObject","@id":"https:\/\/secure.gravatar.com\/avatar\/a8eff27a95921eb0334c4b46176282bd?s=96&d=mm&r=g","url":"https:\/\/secure.gravatar.com\/avatar\/a8eff27a95921eb0334c4b46176282bd?s=96&d=mm&r=g","height":96,"width":96}},"publisher":{"@type":"Organization","name":"propoj.cz","logo":{"@type":"ImageObject","@id":"\/logo.png","url":"\/logo.png","width":600,"height":60}},"image":{"@type":"ImageObject","@id":"https:\/\/www.propoj.cz\/wp-content\/uploads\/moving-boxes-g0141bb042_640.png","url":"https:\/\/www.propoj.cz\/wp-content\/uploads\/moving-boxes-g0141bb042_640.png","height":0,"width":0},"keywords":null},{"@type":"Article","@id":"https:\/\/www.propoj.cz\/ucpane-odpadni-roury\/","headline":"Ucpan\u00e9 odpadn\u00ed roury","url":"https:\/\/www.propoj.cz\/ucpane-odpadni-roury\/","datePublished":"2021-09-08","dateModified":"2023-05-07","mainEntityOfPage":"https:\/\/www.propoj.cz\/ucpane-odpadni-roury\/","author":{"@type":"Person","@id":"https:\/\/www.propoj.cz\/author\/#Person","name":"","url":"https:\/\/www.propoj.cz\/author\/","identifier":1,"image":{"@type":"ImageObject","@id":"https:\/\/secure.gravatar.com\/avatar\/a8eff27a95921eb0334c4b46176282bd?s=96&d=mm&r=g","url":"https:\/\/secure.gravatar.com\/avatar\/a8eff27a95921eb0334c4b46176282bd?s=96&d=mm&r=g","height":96,"width":96}},"publisher":{"@type":"Organization","name":"propoj.cz","logo":{"@type":"ImageObject","@id":"\/logo.png","url":"\/logo.png","width":600,"height":60}},"image":{"@type":"ImageObject","@id":"https:\/\/www.propoj.cz\/wp-content\/uploads\/manuchehri_sewerage.jpg","url":"https:\/\/www.propoj.cz\/wp-content\/uploads\/manuchehri_sewerage.jpg","height":0,"width":0},"keywords":null},{"@type":"Article","@id":"https:\/\/www.propoj.cz\/kdyz-se-chcete-ucit-nemcinu\/","headline":"Kdy\u017e se chcete u\u010dit n\u011bm\u010dinu","url":"https:\/\/www.propoj.cz\/kdyz-se-chcete-ucit-nemcinu\/","datePublished":"2021-08-20","dateModified":"2023-05-07","mainEntityOfPage":"https:\/\/www.propoj.cz\/kdyz-se-chcete-ucit-nemcinu\/","author":{"@type":"Person","@id":"https:\/\/www.propoj.cz\/author\/#Person","name":"","url":"https:\/\/www.propoj.cz\/author\/","identifier":1,"image":{"@type":"ImageObject","@id":"https:\/\/secure.gravatar.com\/avatar\/a8eff27a95921eb0334c4b46176282bd?s=96&d=mm&r=g","url":"https:\/\/secure.gravatar.com\/avatar\/a8eff27a95921eb0334c4b46176282bd?s=96&d=mm&r=g","height":96,"width":96}},"publisher":{"@type":"Organization","name":"propoj.cz","logo":{"@type":"ImageObject","@id":"\/logo.png","url":"\/logo.png","width":600,"height":60}},"image":{"@type":"ImageObject","@id":"https:\/\/www.propoj.cz\/wp-content\/uploads\/Trump%20Donald.png","url":"https:\/\/www.propoj.cz\/wp-content\/uploads\/Trump%20Donald.png","height":0,"width":0},"keywords":null},{"@type":"Article","@id":"https:\/\/www.propoj.cz\/uloz-to\/","headline":"Ulo\u017e to!","url":"https:\/\/www.propoj.cz\/uloz-to\/","datePublished":"2021-07-06","dateModified":"2023-09-18","mainEntityOfPage":"https:\/\/www.propoj.cz\/uloz-to\/","author":{"@type":"Person","@id":"https:\/\/www.propoj.cz\/author\/#Person","name":"","url":"https:\/\/www.propoj.cz\/author\/","identifier":1,"image":{"@type":"ImageObject","@id":"https:\/\/secure.gravatar.com\/avatar\/a8eff27a95921eb0334c4b46176282bd?s=96&d=mm&r=g","url":"https:\/\/secure.gravatar.com\/avatar\/a8eff27a95921eb0334c4b46176282bd?s=96&d=mm&r=g","height":96,"width":96}},"publisher":{"@type":"Organization","name":"propoj.cz","logo":{"@type":"ImageObject","@id":"\/logo.png","url":"\/logo.png","width":600,"height":60}},"image":{"@type":"ImageObject","@id":"https:\/\/www.propoj.cz\/wp-content\/uploads\/social-media-6120875_640.png","url":"https:\/\/www.propoj.cz\/wp-content\/uploads\/social-media-6120875_640.png","height":0,"width":0},"keywords":null},{"@type":"Article","@id":"https:\/\/www.propoj.cz\/proc-firmy-hledaji-pro-ppc-kampan-navod-jak-vytvorit-ppc-kampan\/","headline":"Pro\u010d firmy hledaj\u00ed pro PPC kampa\u0148 n\u00e1vod, jak vytvo\u0159it PPC kampa\u0148","url":"https:\/\/www.propoj.cz\/proc-firmy-hledaji-pro-ppc-kampan-navod-jak-vytvorit-ppc-kampan\/","datePublished":"2021-06-27","dateModified":"2023-05-07","mainEntityOfPage":"https:\/\/www.propoj.cz\/proc-firmy-hledaji-pro-ppc-kampan-navod-jak-vytvorit-ppc-kampan\/","author":{"@type":"Person","@id":"https:\/\/www.propoj.cz\/author\/#Person","name":"","url":"https:\/\/www.propoj.cz\/author\/","identifier":1,"image":{"@type":"ImageObject","@id":"https:\/\/secure.gravatar.com\/avatar\/a8eff27a95921eb0334c4b46176282bd?s=96&d=mm&r=g","url":"https:\/\/secure.gravatar.com\/avatar\/a8eff27a95921eb0334c4b46176282bd?s=96&d=mm&r=g","height":96,"width":96}},"publisher":{"@type":"Organization","name":"propoj.cz","logo":{"@type":"ImageObject","@id":"\/logo.png","url":"\/logo.png","width":600,"height":60}},"image":{"@type":"ImageObject","@id":"https:\/\/www.propoj.cz\/wp-content\/uploads\/klasick%C3%BD%20%C4%8Dern%C3%BD%20notebook_e0Yp7t.png","url":"https:\/\/www.propoj.cz\/wp-content\/uploads\/klasick%C3%BD%20%C4%8Dern%C3%BD%20notebook_e0Yp7t.png","height":0,"width":0},"keywords":null}]}