[{"@context":"https:\/\/schema.org\/","@type":"Article","@id":"https:\/\/www.propoj.cz\/plisen-musi-z-domu\/#Article","mainEntityOfPage":"https:\/\/www.propoj.cz\/plisen-musi-z-domu\/","headline":"Pl\u00edse\u0148 mus\u00ed z domu!","name":"Pl\u00edse\u0148 mus\u00ed z domu!","description":"Kdy\u017e n\u00e1m v dom\u011b \u0159\u00e1d\u00ed pl\u00edse\u0148 nen\u00ed to jen probl\u00e9m estetick\u00fd. Daleko nebezpe\u010dn\u011bj\u0161\u00ed je riziko, \u017ee n\u00e1m zp\u016fsob\u00ed pot\u00ed\u017ee zdravotn\u00ed. A mohou to b\u00fdt i pot\u00ed\u017ee velice z\u00e1va\u017en\u00e9! Obvykle to za\u010dne bolest\u00ed hlavy, z\u00e1n\u011btem spojivek, sennou r\u00fdmou, probl\u00e9my s tr\u00e1ven\u00edm \u010di kop\u0159ivkou. D\u00e1le m\u016f\u017ee propuknout alergie nebo astma. Tak\u00e9 hroz\u00ed atopick\u00fd ekz\u00e9m. Odborn\u00edci zjistili, \u017ee [&hellip;]","datePublished":"2019-07-03","dateModified":"2023-05-07","author":{"@type":"Person","@id":"https:\/\/www.propoj.cz\/author\/#Person","name":"","url":"https:\/\/www.propoj.cz\/author\/","identifier":1,"image":{"@type":"ImageObject","@id":"https:\/\/secure.gravatar.com\/avatar\/a8eff27a95921eb0334c4b46176282bd?s=96&d=mm&r=g","url":"https:\/\/secure.gravatar.com\/avatar\/a8eff27a95921eb0334c4b46176282bd?s=96&d=mm&r=g","height":96,"width":96}},"publisher":{"@type":"Organization","name":"propoj.cz","logo":{"@type":"ImageObject","@id":"\/logo.png","url":"\/logo.png","width":600,"height":60}},"image":{"@type":"ImageObject","@id":"https:\/\/www.propoj.cz\/wp-content\/uploads\/img_a350090_w2014_t1564932415.jpg","url":"https:\/\/www.propoj.cz\/wp-content\/uploads\/img_a350090_w2014_t1564932415.jpg","height":0,"width":0},"url":"https:\/\/www.propoj.cz\/plisen-musi-z-domu\/","wordCount":434,"articleBody":"Kdy\u017e n\u00e1m v dom\u011b \u0159\u00e1d\u00ed pl\u00edse\u0148 nen\u00ed to jen probl\u00e9m estetick\u00fd. Daleko nebezpe\u010dn\u011bj\u0161\u00ed je riziko, \u017ee n\u00e1m zp\u016fsob\u00ed pot\u00ed\u017ee zdravotn\u00ed. A mohou to b\u00fdt i pot\u00ed\u017ee velice z\u00e1va\u017en\u00e9! Obvykle to za\u010dne bolest\u00ed hlavy, z\u00e1n\u011btem spojivek, sennou r\u00fdmou, probl\u00e9my s tr\u00e1ven\u00edm \u010di kop\u0159ivkou. D\u00e1le m\u016f\u017ee propuknout alergie nebo astma. Tak\u00e9 hroz\u00ed atopick\u00fd ekz\u00e9m. Odborn\u00edci zjistili, \u017ee asi t\u0159icet procent jeho p\u0159\u00edpad\u016f maj\u00ed na vin\u011b alergie na pl\u00edsn\u011b. Je\u0161t\u011b hor\u0161\u00edmi stavy jsou ov\u0161em \u017eivot ohro\u017euj\u00edc\u00ed akutn\u00ed toxick\u00e9 reakce a rakovina. Pobyt v prostor\u00e1ch, kde se rozroste pl\u00edse\u0148, je nebezpe\u010dn\u00fd pro t\u011bhotn\u00e9 \u017eeny. Hroz\u00ed riziko potratu nebo v\u00e1\u017en\u00e9ho po\u0161kozen\u00ed plodu.\t\u00a0\tVzhledem k v\u00fd\u0161e uveden\u00e9mu je tedy d\u016fle\u017eit\u00e9 nezvan\u00e9ho hosta do domu nepustit a v p\u0159\u00edpad\u011b, \u017ee se tam p\u0159ece jen dostane, ho co nejd\u0159\u00edve vyhnat!\t\u00a0\tV\u011btr\u00e1me a top\u00edme!\tPl\u00edsn\u00edm se nejv\u00edce l\u00edb\u00ed ve vlhku, p\u0159esn\u011bji tam, kde je vzdu\u0161n\u00e1 vlhkost v\u00edce ne\u017e 60 procent. D\u00e1le je pro n\u011b ide\u00e1ln\u00ed, pokud se k tomu teplota vzduchu v m\u00edstnosti pohybuje v rozmez\u00ed 20 a\u017e 25\u00b0C. To se pak rozr\u016fstaj\u00ed rychle. Da\u0159\u00ed se jim na okenn\u00edch r\u00e1mech, na st\u011bn\u00e1ch za n\u00e1bytkem i na n\u011bm, napadnou i oble\u010den\u00ed a obuv. V oblib\u011b maj\u00ed nev\u011btran\u00e9 koupelny a WC a tak\u00e9 m\u00e1lo udr\u017eovan\u00e1 klimatiza\u010dn\u00ed za\u0159\u00edzen\u00ed. Sp\u00f3ry pak n\u00e1sledn\u011b d\u00fdch\u00e1me ve v\u0161ech prostor\u00e1ch domu. Z\u00e1kladn\u00ed prevenc\u00ed je dostate\u010dn\u011b topit a pravideln\u011b v\u011btrat. Sucho a \u010derstv\u00fd vzduch, to se pl\u00edsn\u00edm nel\u00edb\u00ed. Je to je d\u016fle\u017eit\u00e9 hlavn\u011b v p\u0159\u00edpad\u011b star\u00fdch dom\u016f, na kter\u00e9 nebezpe\u010dn\u00fd nep\u0159\u00edtel v podob\u011b pl\u00edsn\u011b \u00fato\u010d\u00ed v chladn\u011bj\u0161\u00edm obdob\u00ed pravideln\u011b.\t\u00a0\tP\u0159ich\u00e1z\u00ed okny i zdivem!\tP\u0159\u00ed\u010dinou je n\u011bkdy \u0161patn\u00fd technick\u00fd stav na\u0161ich oken, jejich izolace. Ta potom nech\u00e1 studen\u00fd vzduch proudit a\u017e na vnit\u0159n\u00ed tabuli. Okna se pak \u010dasto ros\u00ed a plesniv\u00ed. Nej\u00fa\u010dinn\u011bj\u0161\u00ed obranou je jen v\u00fdm\u011bna za kvalitn\u011bj\u0161\u00ed. V p\u0159\u00edpad\u011b, \u017ee vlhkost proch\u00e1z\u00ed zdivem, jsou pot\u0159eba \u010dasto je\u0161t\u011b v\u011bt\u0161\u00ed a n\u00e1ro\u010dn\u011bj\u0161\u00ed stavebn\u00ed z\u00e1sahy a opat\u0159en\u00ed. Pat\u0159\u00ed k nim nap\u0159\u00edklad zateplen\u00ed fas\u00e1dy, izolace zdiva, impregnace zd\u00ed pomoc\u00ed chemick\u00e9 injekt\u00e1\u017ee nebo jejich elektroosmotick\u00e9 vysu\u0161ov\u00e1n\u00ed.                                                                                                                                                                                                                                                                                                                                                                                        3.9\/5 - (7 votes)        "},{"@context":"https:\/\/schema.org\/","@type":"BreadcrumbList","itemListElement":[{"@type":"ListItem","position":1,"name":"Pl\u00edse\u0148 mus\u00ed z domu!","item":"https:\/\/www.propoj.cz\/plisen-musi-z-domu\/#breadcrumbitem"}]}]