[{"@context":"https:\/\/schema.org\/","@type":"Blog","@id":"https:\/\/www.propoj.cz#Blog","headline":"Propoj","description":"\nPot\u0159ebujete z\u00edskat n\u011bjak\u00e9 ty pen\u00edze nav\u00edc? Kdo by nepot\u0159eboval, \u017ee? Chcete-li, nab\u00edz\u00edme v\u00e1m mo\u017enosti, jak toho pohodln\u011b a zaru\u010den\u011b dos\u00e1hnout.","url":"https:\/\/www.propoj.cz","hasPart":[{"@type":"Article","@id":"https:\/\/www.propoj.cz\/hrajeme-si-u-bazenu\/","headline":"Hrajeme si u baz\u00e9nu","url":"https:\/\/www.propoj.cz\/hrajeme-si-u-bazenu\/","datePublished":"2022-12-11","dateModified":"2023-05-07","mainEntityOfPage":"https:\/\/www.propoj.cz\/hrajeme-si-u-bazenu\/","author":{"@type":"Person","@id":"https:\/\/www.propoj.cz\/author\/#Person","name":"","url":"https:\/\/www.propoj.cz\/author\/","identifier":1,"image":{"@type":"ImageObject","@id":"https:\/\/secure.gravatar.com\/avatar\/a8eff27a95921eb0334c4b46176282bd?s=96&d=mm&r=g","url":"https:\/\/secure.gravatar.com\/avatar\/a8eff27a95921eb0334c4b46176282bd?s=96&d=mm&r=g","height":96,"width":96}},"publisher":{"@type":"Organization","name":"propoj.cz","logo":{"@type":"ImageObject","@id":"\/logo.png","url":"\/logo.png","width":600,"height":60}},"image":{"@type":"ImageObject","@id":"https:\/\/www.propoj.cz\/wp-content\/uploads\/water-gac84d9455_640.jpg","url":"https:\/\/www.propoj.cz\/wp-content\/uploads\/water-gac84d9455_640.jpg","height":0,"width":0},"wordCount":719,"keywords":null},{"@type":"Article","@id":"https:\/\/www.propoj.cz\/kocarek-riko-basic-do-mesta-i-do-prirody\/","headline":"Ko\u010d\u00e1rek Riko basic do m\u011bsta i do p\u0159\u00edrody","url":"https:\/\/www.propoj.cz\/kocarek-riko-basic-do-mesta-i-do-prirody\/","datePublished":"2022-11-28","dateModified":"2022-11-28","mainEntityOfPage":"https:\/\/www.propoj.cz\/kocarek-riko-basic-do-mesta-i-do-prirody\/","author":{"@type":"Person","@id":"https:\/\/www.propoj.cz\/author\/#Person","name":"","url":"https:\/\/www.propoj.cz\/author\/","identifier":1,"image":{"@type":"ImageObject","@id":"https:\/\/secure.gravatar.com\/avatar\/a8eff27a95921eb0334c4b46176282bd?s=96&d=mm&r=g","url":"https:\/\/secure.gravatar.com\/avatar\/a8eff27a95921eb0334c4b46176282bd?s=96&d=mm&r=g","height":96,"width":96}},"publisher":{"@type":"Organization","name":"propoj.cz","logo":{"@type":"ImageObject","@id":"\/logo.png","url":"\/logo.png","width":600,"height":60}},"image":{"@type":"ImageObject","@id":"https:\/\/www.propoj.cz\/wp-content\/uploads\/stroller-337698_640.jpg","url":"https:\/\/www.propoj.cz\/wp-content\/uploads\/stroller-337698_640.jpg","height":0,"width":0},"wordCount":566,"keywords":null},{"@type":"Article","@id":"https:\/\/www.propoj.cz\/jak-vest-firmu\/","headline":"Jak v\u00e9st firmu?","url":"https:\/\/www.propoj.cz\/jak-vest-firmu\/","datePublished":"2022-09-16","dateModified":"2022-09-16","mainEntityOfPage":"https:\/\/www.propoj.cz\/jak-vest-firmu\/","author":{"@type":"Person","@id":"https:\/\/www.propoj.cz\/author\/#Person","name":"","url":"https:\/\/www.propoj.cz\/author\/","identifier":1,"image":{"@type":"ImageObject","@id":"https:\/\/secure.gravatar.com\/avatar\/a8eff27a95921eb0334c4b46176282bd?s=96&d=mm&r=g","url":"https:\/\/secure.gravatar.com\/avatar\/a8eff27a95921eb0334c4b46176282bd?s=96&d=mm&r=g","height":96,"width":96}},"publisher":{"@type":"Organization","name":"propoj.cz","logo":{"@type":"ImageObject","@id":"\/logo.png","url":"\/logo.png","width":600,"height":60}},"image":{"@type":"ImageObject","@id":"https:\/\/www.propoj.cz\/wp-content\/uploads\/laptop-gb5b914377_640.jpg","url":"https:\/\/www.propoj.cz\/wp-content\/uploads\/laptop-gb5b914377_640.jpg","height":0,"width":0},"wordCount":577,"keywords":null},{"@type":"Article","@id":"https:\/\/www.propoj.cz\/dovolena-u-more-v-zari\/","headline":"Dovolen\u00e1 u mo\u0159e v z\u00e1\u0159\u00ed","url":"https:\/\/www.propoj.cz\/dovolena-u-more-v-zari\/","datePublished":"2022-07-23","dateModified":"2023-05-07","mainEntityOfPage":"https:\/\/www.propoj.cz\/dovolena-u-more-v-zari\/","author":{"@type":"Person","@id":"https:\/\/www.propoj.cz\/author\/#Person","name":"","url":"https:\/\/www.propoj.cz\/author\/","identifier":1,"image":{"@type":"ImageObject","@id":"https:\/\/secure.gravatar.com\/avatar\/a8eff27a95921eb0334c4b46176282bd?s=96&d=mm&r=g","url":"https:\/\/secure.gravatar.com\/avatar\/a8eff27a95921eb0334c4b46176282bd?s=96&d=mm&r=g","height":96,"width":96}},"publisher":{"@type":"Organization","name":"propoj.cz","logo":{"@type":"ImageObject","@id":"\/logo.png","url":"\/logo.png","width":600,"height":60}},"image":{"@type":"ImageObject","@id":"https:\/\/www.propoj.cz\/wp-content\/uploads\/dovolenka.JPG","url":"https:\/\/www.propoj.cz\/wp-content\/uploads\/dovolenka.JPG","height":0,"width":0},"wordCount":794,"keywords":null},{"@type":"Article","@id":"https:\/\/www.propoj.cz\/proc-si-poridit-kocarek-riko\/","headline":"Pro\u010d si po\u0159\u00eddit ko\u010d\u00e1rek Riko","url":"https:\/\/www.propoj.cz\/proc-si-poridit-kocarek-riko\/","datePublished":"2022-06-18","dateModified":"2023-05-07","mainEntityOfPage":"https:\/\/www.propoj.cz\/proc-si-poridit-kocarek-riko\/","author":{"@type":"Person","@id":"https:\/\/www.propoj.cz\/author\/#Person","name":"","url":"https:\/\/www.propoj.cz\/author\/","identifier":1,"image":{"@type":"ImageObject","@id":"https:\/\/secure.gravatar.com\/avatar\/a8eff27a95921eb0334c4b46176282bd?s=96&d=mm&r=g","url":"https:\/\/secure.gravatar.com\/avatar\/a8eff27a95921eb0334c4b46176282bd?s=96&d=mm&r=g","height":96,"width":96}},"publisher":{"@type":"Organization","name":"propoj.cz","logo":{"@type":"ImageObject","@id":"\/logo.png","url":"\/logo.png","width":600,"height":60}},"image":{"@type":"ImageObject","@id":"https:\/\/www.propoj.cz\/wp-content\/uploads\/bassinet-554084_640.jpg","url":"https:\/\/www.propoj.cz\/wp-content\/uploads\/bassinet-554084_640.jpg","height":0,"width":0},"wordCount":530,"keywords":null},{"@type":"Article","@id":"https:\/\/www.propoj.cz\/erotika-pro-zeny-uz-neni-tabu\/","headline":"Erotika pro \u017eeny u\u017e nen\u00ed tabu","url":"https:\/\/www.propoj.cz\/erotika-pro-zeny-uz-neni-tabu\/","datePublished":"2022-06-14","dateModified":"2023-05-07","mainEntityOfPage":"https:\/\/www.propoj.cz\/erotika-pro-zeny-uz-neni-tabu\/","author":{"@type":"Person","@id":"https:\/\/www.propoj.cz\/author\/#Person","name":"","url":"https:\/\/www.propoj.cz\/author\/","identifier":1,"image":{"@type":"ImageObject","@id":"https:\/\/secure.gravatar.com\/avatar\/a8eff27a95921eb0334c4b46176282bd?s=96&d=mm&r=g","url":"https:\/\/secure.gravatar.com\/avatar\/a8eff27a95921eb0334c4b46176282bd?s=96&d=mm&r=g","height":96,"width":96}},"publisher":{"@type":"Organization","name":"propoj.cz","logo":{"@type":"ImageObject","@id":"\/logo.png","url":"\/logo.png","width":600,"height":60}},"image":{"@type":"ImageObject","@id":"https:\/\/www.propoj.cz\/wp-content\/uploads\/pexels-cottonbro-3997983_1.jpg","url":"https:\/\/www.propoj.cz\/wp-content\/uploads\/pexels-cottonbro-3997983_1.jpg","height":0,"width":0},"wordCount":566,"keywords":null},{"@type":"Article","@id":"https:\/\/www.propoj.cz\/budoucnost-najdeme-sami-v-sobe\/","headline":"Budoucnost najdeme sami v sob\u011b","url":"https:\/\/www.propoj.cz\/budoucnost-najdeme-sami-v-sobe\/","datePublished":"2022-06-14","dateModified":"2023-05-07","mainEntityOfPage":"https:\/\/www.propoj.cz\/budoucnost-najdeme-sami-v-sobe\/","author":{"@type":"Person","@id":"https:\/\/www.propoj.cz\/author\/#Person","name":"","url":"https:\/\/www.propoj.cz\/author\/","identifier":1,"image":{"@type":"ImageObject","@id":"https:\/\/secure.gravatar.com\/avatar\/a8eff27a95921eb0334c4b46176282bd?s=96&d=mm&r=g","url":"https:\/\/secure.gravatar.com\/avatar\/a8eff27a95921eb0334c4b46176282bd?s=96&d=mm&r=g","height":96,"width":96}},"publisher":{"@type":"Organization","name":"propoj.cz","logo":{"@type":"ImageObject","@id":"\/logo.png","url":"\/logo.png","width":600,"height":60}},"image":{"@type":"ImageObject","@id":"https:\/\/www.propoj.cz\/wp-content\/uploads\/fialova_svicka_YuhaQ3.jpg","url":"https:\/\/www.propoj.cz\/wp-content\/uploads\/fialova_svicka_YuhaQ3.jpg","height":0,"width":0},"wordCount":504,"keywords":null},{"@type":"Article","@id":"https:\/\/www.propoj.cz\/jak-se-naucit-dodrzovat-spravny-rytmus-na-kytaru\/","headline":"Jak se nau\u010dit dodr\u017eovat spr\u00e1vn\u00fd rytmus na kytaru","url":"https:\/\/www.propoj.cz\/jak-se-naucit-dodrzovat-spravny-rytmus-na-kytaru\/","datePublished":"2022-05-27","dateModified":"2023-05-07","mainEntityOfPage":"https:\/\/www.propoj.cz\/jak-se-naucit-dodrzovat-spravny-rytmus-na-kytaru\/","author":{"@type":"Person","@id":"https:\/\/www.propoj.cz\/author\/#Person","name":"","url":"https:\/\/www.propoj.cz\/author\/","identifier":1,"image":{"@type":"ImageObject","@id":"https:\/\/secure.gravatar.com\/avatar\/a8eff27a95921eb0334c4b46176282bd?s=96&d=mm&r=g","url":"https:\/\/secure.gravatar.com\/avatar\/a8eff27a95921eb0334c4b46176282bd?s=96&d=mm&r=g","height":96,"width":96}},"publisher":{"@type":"Organization","name":"propoj.cz","logo":{"@type":"ImageObject","@id":"\/logo.png","url":"\/logo.png","width":600,"height":60}},"image":{"@type":"ImageObject","@id":"https:\/\/www.propoj.cz\/wp-content\/uploads\/kytara3.jpg","url":"https:\/\/www.propoj.cz\/wp-content\/uploads\/kytara3.jpg","height":0,"width":0},"wordCount":582,"keywords":null},{"@type":"Article","@id":"https:\/\/www.propoj.cz\/stehovani-v-praze-na-jare-nebo-na-podzim\/","headline":"St\u011bhov\u00e1n\u00ed v Praze na ja\u0159e nebo na podzim","url":"https:\/\/www.propoj.cz\/stehovani-v-praze-na-jare-nebo-na-podzim\/","datePublished":"2022-05-14","dateModified":"2022-05-14","mainEntityOfPage":"https:\/\/www.propoj.cz\/stehovani-v-praze-na-jare-nebo-na-podzim\/","author":{"@type":"Person","@id":"https:\/\/www.propoj.cz\/author\/#Person","name":"","url":"https:\/\/www.propoj.cz\/author\/","identifier":1,"image":{"@type":"ImageObject","@id":"https:\/\/secure.gravatar.com\/avatar\/a8eff27a95921eb0334c4b46176282bd?s=96&d=mm&r=g","url":"https:\/\/secure.gravatar.com\/avatar\/a8eff27a95921eb0334c4b46176282bd?s=96&d=mm&r=g","height":96,"width":96}},"publisher":{"@type":"Organization","name":"propoj.cz","logo":{"@type":"ImageObject","@id":"\/logo.png","url":"\/logo.png","width":600,"height":60}},"image":{"@type":"ImageObject","@id":"https:\/\/www.propoj.cz\/wp-content\/uploads\/copy-space-2535266_640_5.jpg","url":"https:\/\/www.propoj.cz\/wp-content\/uploads\/copy-space-2535266_640_5.jpg","height":0,"width":0},"wordCount":530,"keywords":null},{"@type":"Article","@id":"https:\/\/www.propoj.cz\/penize-nekdy-nestaci\/","headline":"Pen\u00edze n\u011bkdy nesta\u010d\u00ed","url":"https:\/\/www.propoj.cz\/penize-nekdy-nestaci\/","datePublished":"2022-04-26","dateModified":"2023-05-07","mainEntityOfPage":"https:\/\/www.propoj.cz\/penize-nekdy-nestaci\/","author":{"@type":"Person","@id":"https:\/\/www.propoj.cz\/author\/#Person","name":"","url":"https:\/\/www.propoj.cz\/author\/","identifier":1,"image":{"@type":"ImageObject","@id":"https:\/\/secure.gravatar.com\/avatar\/a8eff27a95921eb0334c4b46176282bd?s=96&d=mm&r=g","url":"https:\/\/secure.gravatar.com\/avatar\/a8eff27a95921eb0334c4b46176282bd?s=96&d=mm&r=g","height":96,"width":96}},"publisher":{"@type":"Organization","name":"propoj.cz","logo":{"@type":"ImageObject","@id":"\/logo.png","url":"\/logo.png","width":600,"height":60}},"image":{"@type":"ImageObject","@id":"https:\/\/www.propoj.cz\/wp-content\/uploads\/nakreslen%C3%A9%20pen%C3%ADze_6.png","url":"https:\/\/www.propoj.cz\/wp-content\/uploads\/nakreslen%C3%A9%20pen%C3%ADze_6.png","height":0,"width":0},"wordCount":778,"keywords":null}]},{"@context":"https:\/\/schema.org","@type":"WebSite","@id":"https:\/\/www.propoj.cz\/#website","name":"Propoj","url":"https:\/\/www.propoj.cz","potentialAction":{"@type":"SearchAction","target":"https:\/\/www.propoj.cz\/?s={search_term_string}","query-input":"required name=search_term_string"}}]