[{"@context":"https:\/\/schema.org\/","@type":"Blog","@id":"https:\/\/www.propoj.cz#Blog","headline":"Propoj","description":"\nPot\u0159ebujete z\u00edskat n\u011bjak\u00e9 ty pen\u00edze nav\u00edc? Kdo by nepot\u0159eboval, \u017ee? Chcete-li, nab\u00edz\u00edme v\u00e1m mo\u017enosti, jak toho pohodln\u011b a zaru\u010den\u011b dos\u00e1hnout.","url":"https:\/\/www.propoj.cz","hasPart":[{"@type":"Article","@id":"https:\/\/www.propoj.cz\/vhodny-vyber-je-dulezity\/","headline":"Vhodn\u00fd v\u00fdb\u011br je d\u016fle\u017eit\u00fd","url":"https:\/\/www.propoj.cz\/vhodny-vyber-je-dulezity\/","datePublished":"2023-05-07","dateModified":"2023-05-07","mainEntityOfPage":"https:\/\/www.propoj.cz\/vhodny-vyber-je-dulezity\/","author":{"@type":"Person","@id":"https:\/\/www.propoj.cz\/author\/#Person","name":"","url":"https:\/\/www.propoj.cz\/author\/","identifier":1,"image":{"@type":"ImageObject","@id":"https:\/\/secure.gravatar.com\/avatar\/a8eff27a95921eb0334c4b46176282bd?s=96&d=mm&r=g","url":"https:\/\/secure.gravatar.com\/avatar\/a8eff27a95921eb0334c4b46176282bd?s=96&d=mm&r=g","height":96,"width":96}},"publisher":{"@type":"Organization","name":"propoj.cz","logo":{"@type":"ImageObject","@id":"\/logo.png","url":"\/logo.png","width":600,"height":60}},"image":{"@type":"ImageObject","@id":"https:\/\/www.propoj.cz\/wp-content\/uploads\/img_a295389_w2122_t1506784560.jpg","url":"https:\/\/www.propoj.cz\/wp-content\/uploads\/img_a295389_w2122_t1506784560.jpg","height":0,"width":0},"wordCount":633,"keywords":null},{"@type":"Article","@id":"https:\/\/www.propoj.cz\/vitalni-joga-prospiva-telu-i-dusi\/","headline":"Vit\u00e1ln\u00ed j\u00f3ga prosp\u00edv\u00e1 t\u011blu i du\u0161i","url":"https:\/\/www.propoj.cz\/vitalni-joga-prospiva-telu-i-dusi\/","datePublished":"2023-05-07","dateModified":"2023-05-07","mainEntityOfPage":"https:\/\/www.propoj.cz\/vitalni-joga-prospiva-telu-i-dusi\/","author":{"@type":"Person","@id":"https:\/\/www.propoj.cz\/author\/#Person","name":"","url":"https:\/\/www.propoj.cz\/author\/","identifier":1,"image":{"@type":"ImageObject","@id":"https:\/\/secure.gravatar.com\/avatar\/a8eff27a95921eb0334c4b46176282bd?s=96&d=mm&r=g","url":"https:\/\/secure.gravatar.com\/avatar\/a8eff27a95921eb0334c4b46176282bd?s=96&d=mm&r=g","height":96,"width":96}},"publisher":{"@type":"Organization","name":"propoj.cz","logo":{"@type":"ImageObject","@id":"\/logo.png","url":"\/logo.png","width":600,"height":60}},"image":{"@type":"ImageObject","@id":"https:\/\/www.propoj.cz\/wp-content\/uploads\/img_a290745_w2080_t1503429403.jpg","url":"https:\/\/www.propoj.cz\/wp-content\/uploads\/img_a290745_w2080_t1503429403.jpg","height":0,"width":0},"wordCount":486,"keywords":null},{"@type":"Article","@id":"https:\/\/www.propoj.cz\/zemni-veverka\/","headline":"Zemn\u00ed veverka","url":"https:\/\/www.propoj.cz\/zemni-veverka\/","datePublished":"2023-05-07","dateModified":"2023-05-07","mainEntityOfPage":"https:\/\/www.propoj.cz\/zemni-veverka\/","author":{"@type":"Person","@id":"https:\/\/www.propoj.cz\/author\/#Person","name":"","url":"https:\/\/www.propoj.cz\/author\/","identifier":1,"image":{"@type":"ImageObject","@id":"https:\/\/secure.gravatar.com\/avatar\/a8eff27a95921eb0334c4b46176282bd?s=96&d=mm&r=g","url":"https:\/\/secure.gravatar.com\/avatar\/a8eff27a95921eb0334c4b46176282bd?s=96&d=mm&r=g","height":96,"width":96}},"publisher":{"@type":"Organization","name":"propoj.cz","logo":{"@type":"ImageObject","@id":"\/logo.png","url":"\/logo.png","width":600,"height":60}},"image":{"@type":"ImageObject","@id":"https:\/\/www.propoj.cz\/wp-content\/uploads\/img_a287545_w2046_t1498145514.jpg","url":"https:\/\/www.propoj.cz\/wp-content\/uploads\/img_a287545_w2046_t1498145514.jpg","height":0,"width":0},"wordCount":546,"keywords":null},{"@type":"Article","@id":"https:\/\/www.propoj.cz\/vliv-koureni-na-zeny\/","headline":"Vliv kou\u0159en\u00ed na \u017eeny","url":"https:\/\/www.propoj.cz\/vliv-koureni-na-zeny\/","datePublished":"2023-05-07","dateModified":"2023-05-07","mainEntityOfPage":"https:\/\/www.propoj.cz\/vliv-koureni-na-zeny\/","author":{"@type":"Person","@id":"https:\/\/www.propoj.cz\/author\/#Person","name":"","url":"https:\/\/www.propoj.cz\/author\/","identifier":1,"image":{"@type":"ImageObject","@id":"https:\/\/secure.gravatar.com\/avatar\/a8eff27a95921eb0334c4b46176282bd?s=96&d=mm&r=g","url":"https:\/\/secure.gravatar.com\/avatar\/a8eff27a95921eb0334c4b46176282bd?s=96&d=mm&r=g","height":96,"width":96}},"publisher":{"@type":"Organization","name":"propoj.cz","logo":{"@type":"ImageObject","@id":"\/logo.png","url":"\/logo.png","width":600,"height":60}},"image":{"@type":"ImageObject","@id":"https:\/\/www.propoj.cz\/wp-content\/uploads\/img_a286602_w2127_t1496213701.jpg","url":"https:\/\/www.propoj.cz\/wp-content\/uploads\/img_a286602_w2127_t1496213701.jpg","height":0,"width":0},"wordCount":507,"keywords":null},{"@type":"Article","@id":"https:\/\/www.propoj.cz\/navrat-k-prirode-je-prirozeny-protipol-dnesni-pretechnizovane-doby\/","headline":"N\u00e1vrat k p\u0159\u00edrod\u011b je p\u0159irozen\u00fd protip\u00f3l dne\u0161n\u00ed p\u0159etechnizovan\u00e9 doby","url":"https:\/\/www.propoj.cz\/navrat-k-prirode-je-prirozeny-protipol-dnesni-pretechnizovane-doby\/","datePublished":"2023-04-03","dateModified":"2024-04-05","mainEntityOfPage":"https:\/\/www.propoj.cz\/navrat-k-prirode-je-prirozeny-protipol-dnesni-pretechnizovane-doby\/","author":{"@type":"Person","@id":"https:\/\/www.propoj.cz\/author\/#Person","name":"","url":"https:\/\/www.propoj.cz\/author\/","identifier":1,"image":{"@type":"ImageObject","@id":"https:\/\/secure.gravatar.com\/avatar\/a8eff27a95921eb0334c4b46176282bd?s=96&d=mm&r=g","url":"https:\/\/secure.gravatar.com\/avatar\/a8eff27a95921eb0334c4b46176282bd?s=96&d=mm&r=g","height":96,"width":96}},"publisher":{"@type":"Organization","name":"propoj.cz","logo":{"@type":"ImageObject","@id":"\/logo.png","url":"\/logo.png","width":600,"height":60}},"image":null,"wordCount":441,"keywords":null},{"@type":"Article","@id":"https:\/\/www.propoj.cz\/penez-muzeme-mit-dost\/","headline":"Pen\u011bz m\u016f\u017eeme m\u00edt dost","url":"https:\/\/www.propoj.cz\/penez-muzeme-mit-dost\/","datePublished":"2023-03-19","dateModified":"2023-03-19","mainEntityOfPage":"https:\/\/www.propoj.cz\/penez-muzeme-mit-dost\/","author":{"@type":"Person","@id":"https:\/\/www.propoj.cz\/author\/#Person","name":"","url":"https:\/\/www.propoj.cz\/author\/","identifier":1,"image":{"@type":"ImageObject","@id":"https:\/\/secure.gravatar.com\/avatar\/a8eff27a95921eb0334c4b46176282bd?s=96&d=mm&r=g","url":"https:\/\/secure.gravatar.com\/avatar\/a8eff27a95921eb0334c4b46176282bd?s=96&d=mm&r=g","height":96,"width":96}},"publisher":{"@type":"Organization","name":"propoj.cz","logo":{"@type":"ImageObject","@id":"\/logo.png","url":"\/logo.png","width":600,"height":60}},"image":{"@type":"ImageObject","@id":"https:\/\/www.propoj.cz\/wp-content\/uploads\/dollars-6771197_960_720.jpg","url":"https:\/\/www.propoj.cz\/wp-content\/uploads\/dollars-6771197_960_720.jpg","height":0,"width":0},"wordCount":597,"keywords":null},{"@type":"Article","@id":"https:\/\/www.propoj.cz\/napred-sidlo-potom-firma\/","headline":"Nap\u0159ed s\u00eddlo, potom firma","url":"https:\/\/www.propoj.cz\/napred-sidlo-potom-firma\/","datePublished":"2023-02-27","dateModified":"2023-02-27","mainEntityOfPage":"https:\/\/www.propoj.cz\/napred-sidlo-potom-firma\/","author":{"@type":"Person","@id":"https:\/\/www.propoj.cz\/author\/#Person","name":"","url":"https:\/\/www.propoj.cz\/author\/","identifier":1,"image":{"@type":"ImageObject","@id":"https:\/\/secure.gravatar.com\/avatar\/a8eff27a95921eb0334c4b46176282bd?s=96&d=mm&r=g","url":"https:\/\/secure.gravatar.com\/avatar\/a8eff27a95921eb0334c4b46176282bd?s=96&d=mm&r=g","height":96,"width":96}},"publisher":{"@type":"Organization","name":"propoj.cz","logo":{"@type":"ImageObject","@id":"\/logo.png","url":"\/logo.png","width":600,"height":60}},"image":{"@type":"ImageObject","@id":"https:\/\/www.propoj.cz\/wp-content\/uploads\/couple-1298432_960_720.jpg","url":"https:\/\/www.propoj.cz\/wp-content\/uploads\/couple-1298432_960_720.jpg","height":0,"width":0},"wordCount":578,"keywords":null},{"@type":"Article","@id":"https:\/\/www.propoj.cz\/udelejte-paradu-s-oblecenim-wolf\/","headline":"Ud\u011blejte par\u00e1du s oble\u010den\u00edm wolf","url":"https:\/\/www.propoj.cz\/udelejte-paradu-s-oblecenim-wolf\/","datePublished":"2023-02-27","dateModified":"2024-03-05","mainEntityOfPage":"https:\/\/www.propoj.cz\/udelejte-paradu-s-oblecenim-wolf\/","author":{"@type":"Person","@id":"https:\/\/www.propoj.cz\/author\/#Person","name":"","url":"https:\/\/www.propoj.cz\/author\/","identifier":1,"image":{"@type":"ImageObject","@id":"https:\/\/secure.gravatar.com\/avatar\/a8eff27a95921eb0334c4b46176282bd?s=96&d=mm&r=g","url":"https:\/\/secure.gravatar.com\/avatar\/a8eff27a95921eb0334c4b46176282bd?s=96&d=mm&r=g","height":96,"width":96}},"publisher":{"@type":"Organization","name":"propoj.cz","logo":{"@type":"ImageObject","@id":"\/logo.png","url":"\/logo.png","width":600,"height":60}},"image":null,"wordCount":466,"keywords":null},{"@type":"Article","@id":"https:\/\/www.propoj.cz\/kdy-jste-naposledy-provadeli-kontrolu-vzduchotechniky\/","headline":"Kdy jste naposledy prov\u00e1d\u011bli kontrolu vzduchotechniky","url":"https:\/\/www.propoj.cz\/kdy-jste-naposledy-provadeli-kontrolu-vzduchotechniky\/","datePublished":"2023-01-10","dateModified":"2023-05-07","mainEntityOfPage":"https:\/\/www.propoj.cz\/kdy-jste-naposledy-provadeli-kontrolu-vzduchotechniky\/","author":{"@type":"Person","@id":"https:\/\/www.propoj.cz\/author\/#Person","name":"","url":"https:\/\/www.propoj.cz\/author\/","identifier":1,"image":{"@type":"ImageObject","@id":"https:\/\/secure.gravatar.com\/avatar\/a8eff27a95921eb0334c4b46176282bd?s=96&d=mm&r=g","url":"https:\/\/secure.gravatar.com\/avatar\/a8eff27a95921eb0334c4b46176282bd?s=96&d=mm&r=g","height":96,"width":96}},"publisher":{"@type":"Organization","name":"propoj.cz","logo":{"@type":"ImageObject","@id":"\/logo.png","url":"\/logo.png","width":600,"height":60}},"image":{"@type":"ImageObject","@id":"https:\/\/www.propoj.cz\/wp-content\/uploads\/hall-roof-2560454_640_10_2.jpg","url":"https:\/\/www.propoj.cz\/wp-content\/uploads\/hall-roof-2560454_640_10_2.jpg","height":0,"width":0},"wordCount":564,"keywords":null},{"@type":"Article","@id":"https:\/\/www.propoj.cz\/studna-na-zahrade\/","headline":"Studna na zahrad\u011b","url":"https:\/\/www.propoj.cz\/studna-na-zahrade\/","datePublished":"2022-12-31","dateModified":"2023-05-07","mainEntityOfPage":"https:\/\/www.propoj.cz\/studna-na-zahrade\/","author":{"@type":"Person","@id":"https:\/\/www.propoj.cz\/author\/#Person","name":"","url":"https:\/\/www.propoj.cz\/author\/","identifier":1,"image":{"@type":"ImageObject","@id":"https:\/\/secure.gravatar.com\/avatar\/a8eff27a95921eb0334c4b46176282bd?s=96&d=mm&r=g","url":"https:\/\/secure.gravatar.com\/avatar\/a8eff27a95921eb0334c4b46176282bd?s=96&d=mm&r=g","height":96,"width":96}},"publisher":{"@type":"Organization","name":"propoj.cz","logo":{"@type":"ImageObject","@id":"\/logo.png","url":"\/logo.png","width":600,"height":60}},"image":{"@type":"ImageObject","@id":"https:\/\/www.propoj.cz\/wp-content\/uploads\/water-lily-3784022_960_720_1.jpg","url":"https:\/\/www.propoj.cz\/wp-content\/uploads\/water-lily-3784022_960_720_1.jpg","height":0,"width":0},"wordCount":592,"keywords":null}]},{"@context":"https:\/\/schema.org","@type":"WebSite","@id":"https:\/\/www.propoj.cz\/#website","name":"Propoj","url":"https:\/\/www.propoj.cz","potentialAction":{"@type":"SearchAction","target":"https:\/\/www.propoj.cz\/?s={search_term_string}","query-input":"required name=search_term_string"}}]