[{"@context":"https:\/\/schema.org\/","@type":"Blog","@id":"https:\/\/www.propoj.cz#Blog","headline":"Propoj","description":"\nPot\u0159ebujete z\u00edskat n\u011bjak\u00e9 ty pen\u00edze nav\u00edc? Kdo by nepot\u0159eboval, \u017ee? Chcete-li, nab\u00edz\u00edme v\u00e1m mo\u017enosti, jak toho pohodln\u011b a zaru\u010den\u011b dos\u00e1hnout.","url":"https:\/\/www.propoj.cz","hasPart":[{"@type":"Article","@id":"https:\/\/www.propoj.cz\/prima-viagra\/","headline":"Prima viagra","url":"https:\/\/www.propoj.cz\/prima-viagra\/","datePublished":"2023-06-26","dateModified":"2024-05-28","mainEntityOfPage":"https:\/\/www.propoj.cz\/prima-viagra\/","author":{"@type":"Person","@id":"https:\/\/www.propoj.cz\/author\/#Person","name":"","url":"https:\/\/www.propoj.cz\/author\/","identifier":1,"image":{"@type":"ImageObject","@id":"https:\/\/secure.gravatar.com\/avatar\/a8eff27a95921eb0334c4b46176282bd?s=96&d=mm&r=g","url":"https:\/\/secure.gravatar.com\/avatar\/a8eff27a95921eb0334c4b46176282bd?s=96&d=mm&r=g","height":96,"width":96}},"publisher":{"@type":"Organization","name":"propoj.cz","logo":{"@type":"ImageObject","@id":"\/logo.png","url":"\/logo.png","width":600,"height":60}},"image":{"@type":"ImageObject","@id":"https:\/\/www.propoj.cz\/wp-content\/uploads\/addict-4897522_1280_1.jpg","url":"https:\/\/www.propoj.cz\/wp-content\/uploads\/addict-4897522_1280_1.jpg","height":0,"width":0},"wordCount":528,"keywords":null},{"@type":"Article","@id":"https:\/\/www.propoj.cz\/ty-nejlepsi-remesla-pro-vase-spokojene-bydleni\/","headline":"Ty nejlep\u0161\u00ed \u0159emesla pro va\u0161e spokojen\u00e9 bydlen\u00ed","url":"https:\/\/www.propoj.cz\/ty-nejlepsi-remesla-pro-vase-spokojene-bydleni\/","datePublished":"2023-05-15","dateModified":"2024-03-20","mainEntityOfPage":"https:\/\/www.propoj.cz\/ty-nejlepsi-remesla-pro-vase-spokojene-bydleni\/","author":{"@type":"Person","@id":"https:\/\/www.propoj.cz\/author\/#Person","name":"","url":"https:\/\/www.propoj.cz\/author\/","identifier":1,"image":{"@type":"ImageObject","@id":"https:\/\/secure.gravatar.com\/avatar\/a8eff27a95921eb0334c4b46176282bd?s=96&d=mm&r=g","url":"https:\/\/secure.gravatar.com\/avatar\/a8eff27a95921eb0334c4b46176282bd?s=96&d=mm&r=g","height":96,"width":96}},"publisher":{"@type":"Organization","name":"propoj.cz","logo":{"@type":"ImageObject","@id":"\/logo.png","url":"\/logo.png","width":600,"height":60}},"image":{"@type":"ImageObject","@id":"https:\/\/www.propoj.cz\/wp-content\/uploads\/lightbulb-g35d9f5983_1280.jpg","url":"https:\/\/www.propoj.cz\/wp-content\/uploads\/lightbulb-g35d9f5983_1280.jpg","height":0,"width":0},"wordCount":566,"keywords":null},{"@type":"Article","@id":"https:\/\/www.propoj.cz\/prvni-nakup\/","headline":"Prvn\u00ed n\u00e1kup","url":"https:\/\/www.propoj.cz\/prvni-nakup\/","datePublished":"2023-05-12","dateModified":"2023-06-13","mainEntityOfPage":"https:\/\/www.propoj.cz\/prvni-nakup\/","author":{"@type":"Person","@id":"https:\/\/www.propoj.cz\/author\/#Person","name":"","url":"https:\/\/www.propoj.cz\/author\/","identifier":1,"image":{"@type":"ImageObject","@id":"https:\/\/secure.gravatar.com\/avatar\/a8eff27a95921eb0334c4b46176282bd?s=96&d=mm&r=g","url":"https:\/\/secure.gravatar.com\/avatar\/a8eff27a95921eb0334c4b46176282bd?s=96&d=mm&r=g","height":96,"width":96}},"publisher":{"@type":"Organization","name":"propoj.cz","logo":{"@type":"ImageObject","@id":"\/logo.png","url":"\/logo.png","width":600,"height":60}},"image":{"@type":"ImageObject","@id":"https:\/\/www.propoj.cz\/wp-content\/uploads\/pexels-karolina-grabowska-5632397.jpg","url":"https:\/\/www.propoj.cz\/wp-content\/uploads\/pexels-karolina-grabowska-5632397.jpg","height":0,"width":0},"wordCount":591,"keywords":null},{"@type":"Article","@id":"https:\/\/www.propoj.cz\/spolecnost-taxi-3000-vam-da-to-nejlepsi\/","headline":"Spole\u010dnost Taxi 3000 v\u00e1m d\u00e1 to nejlep\u0161\u00ed","url":"https:\/\/www.propoj.cz\/spolecnost-taxi-3000-vam-da-to-nejlepsi\/","datePublished":"2023-05-09","dateModified":"2024-05-13","mainEntityOfPage":"https:\/\/www.propoj.cz\/spolecnost-taxi-3000-vam-da-to-nejlepsi\/","author":{"@type":"Person","@id":"https:\/\/www.propoj.cz\/author\/#Person","name":"","url":"https:\/\/www.propoj.cz\/author\/","identifier":1,"image":{"@type":"ImageObject","@id":"https:\/\/secure.gravatar.com\/avatar\/a8eff27a95921eb0334c4b46176282bd?s=96&d=mm&r=g","url":"https:\/\/secure.gravatar.com\/avatar\/a8eff27a95921eb0334c4b46176282bd?s=96&d=mm&r=g","height":96,"width":96}},"publisher":{"@type":"Organization","name":"propoj.cz","logo":{"@type":"ImageObject","@id":"\/logo.png","url":"\/logo.png","width":600,"height":60}},"image":null,"wordCount":281,"keywords":null},{"@type":"Article","@id":"https:\/\/www.propoj.cz\/nejdrazsi-sporty\/","headline":"Nejdra\u017e\u0161\u00ed sporty","url":"https:\/\/www.propoj.cz\/nejdrazsi-sporty\/","datePublished":"2023-05-07","dateModified":"2023-05-07","mainEntityOfPage":"https:\/\/www.propoj.cz\/nejdrazsi-sporty\/","author":{"@type":"Person","@id":"https:\/\/www.propoj.cz\/author\/#Person","name":"","url":"https:\/\/www.propoj.cz\/author\/","identifier":1,"image":{"@type":"ImageObject","@id":"https:\/\/secure.gravatar.com\/avatar\/a8eff27a95921eb0334c4b46176282bd?s=96&d=mm&r=g","url":"https:\/\/secure.gravatar.com\/avatar\/a8eff27a95921eb0334c4b46176282bd?s=96&d=mm&r=g","height":96,"width":96}},"publisher":{"@type":"Organization","name":"propoj.cz","logo":{"@type":"ImageObject","@id":"\/logo.png","url":"\/logo.png","width":600,"height":60}},"image":{"@type":"ImageObject","@id":"https:\/\/www.propoj.cz\/wp-content\/uploads\/img_a344466_w2943_t1558293891.jpg","url":"https:\/\/www.propoj.cz\/wp-content\/uploads\/img_a344466_w2943_t1558293891.jpg","height":0,"width":0},"wordCount":4690,"keywords":null},{"@type":"Article","@id":"https:\/\/www.propoj.cz\/zakladame-pravnicke-osoby-druzstva\/","headline":"Zakl\u00e1d\u00e1me pr\u00e1vnick\u00e9 osoby \u2013 dru\u017estva","url":"https:\/\/www.propoj.cz\/zakladame-pravnicke-osoby-druzstva\/","datePublished":"2023-05-07","dateModified":"2023-05-07","mainEntityOfPage":"https:\/\/www.propoj.cz\/zakladame-pravnicke-osoby-druzstva\/","author":{"@type":"Person","@id":"https:\/\/www.propoj.cz\/author\/#Person","name":"","url":"https:\/\/www.propoj.cz\/author\/","identifier":1,"image":{"@type":"ImageObject","@id":"https:\/\/secure.gravatar.com\/avatar\/a8eff27a95921eb0334c4b46176282bd?s=96&d=mm&r=g","url":"https:\/\/secure.gravatar.com\/avatar\/a8eff27a95921eb0334c4b46176282bd?s=96&d=mm&r=g","height":96,"width":96}},"publisher":{"@type":"Organization","name":"propoj.cz","logo":{"@type":"ImageObject","@id":"\/logo.png","url":"\/logo.png","width":600,"height":60}},"image":{"@type":"ImageObject","@id":"https:\/\/www.propoj.cz\/wp-content\/uploads\/img_a316635_w2114_t1527620075.jpg","url":"https:\/\/www.propoj.cz\/wp-content\/uploads\/img_a316635_w2114_t1527620075.jpg","height":0,"width":0},"wordCount":536,"keywords":null},{"@type":"Article","@id":"https:\/\/www.propoj.cz\/tvorba-penez\/","headline":"Tvorba pen\u011bz","url":"https:\/\/www.propoj.cz\/tvorba-penez\/","datePublished":"2023-05-07","dateModified":"2023-05-07","mainEntityOfPage":"https:\/\/www.propoj.cz\/tvorba-penez\/","author":{"@type":"Person","@id":"https:\/\/www.propoj.cz\/author\/#Person","name":"","url":"https:\/\/www.propoj.cz\/author\/","identifier":1,"image":{"@type":"ImageObject","@id":"https:\/\/secure.gravatar.com\/avatar\/a8eff27a95921eb0334c4b46176282bd?s=96&d=mm&r=g","url":"https:\/\/secure.gravatar.com\/avatar\/a8eff27a95921eb0334c4b46176282bd?s=96&d=mm&r=g","height":96,"width":96}},"publisher":{"@type":"Organization","name":"propoj.cz","logo":{"@type":"ImageObject","@id":"\/logo.png","url":"\/logo.png","width":600,"height":60}},"image":{"@type":"ImageObject","@id":"https:\/\/www.propoj.cz\/wp-content\/uploads\/img_a310273_w2274_t1521191310.jpg","url":"https:\/\/www.propoj.cz\/wp-content\/uploads\/img_a310273_w2274_t1521191310.jpg","height":0,"width":0},"wordCount":419,"keywords":null},{"@type":"Article","@id":"https:\/\/www.propoj.cz\/zivotodarna-voda\/","headline":"\u017divotod\u00e1rn\u00e1 voda","url":"https:\/\/www.propoj.cz\/zivotodarna-voda\/","datePublished":"2023-05-07","dateModified":"2023-05-07","mainEntityOfPage":"https:\/\/www.propoj.cz\/zivotodarna-voda\/","author":{"@type":"Person","@id":"https:\/\/www.propoj.cz\/author\/#Person","name":"","url":"https:\/\/www.propoj.cz\/author\/","identifier":1,"image":{"@type":"ImageObject","@id":"https:\/\/secure.gravatar.com\/avatar\/a8eff27a95921eb0334c4b46176282bd?s=96&d=mm&r=g","url":"https:\/\/secure.gravatar.com\/avatar\/a8eff27a95921eb0334c4b46176282bd?s=96&d=mm&r=g","height":96,"width":96}},"publisher":{"@type":"Organization","name":"propoj.cz","logo":{"@type":"ImageObject","@id":"\/logo.png","url":"\/logo.png","width":600,"height":60}},"image":{"@type":"ImageObject","@id":"https:\/\/www.propoj.cz\/wp-content\/uploads\/img_a309628_w2252_t1520587547.jpg","url":"https:\/\/www.propoj.cz\/wp-content\/uploads\/img_a309628_w2252_t1520587547.jpg","height":0,"width":0},"wordCount":441,"keywords":null},{"@type":"Article","@id":"https:\/\/www.propoj.cz\/elektronicke-knihy-konec-vazanych-knih\/","headline":"Elektronick\u00e9 knihy \u2013 konec v\u00e1zan\u00fdch knih?","url":"https:\/\/www.propoj.cz\/elektronicke-knihy-konec-vazanych-knih\/","datePublished":"2023-05-07","dateModified":"2023-05-07","mainEntityOfPage":"https:\/\/www.propoj.cz\/elektronicke-knihy-konec-vazanych-knih\/","author":{"@type":"Person","@id":"https:\/\/www.propoj.cz\/author\/#Person","name":"","url":"https:\/\/www.propoj.cz\/author\/","identifier":1,"image":{"@type":"ImageObject","@id":"https:\/\/secure.gravatar.com\/avatar\/a8eff27a95921eb0334c4b46176282bd?s=96&d=mm&r=g","url":"https:\/\/secure.gravatar.com\/avatar\/a8eff27a95921eb0334c4b46176282bd?s=96&d=mm&r=g","height":96,"width":96}},"publisher":{"@type":"Organization","name":"propoj.cz","logo":{"@type":"ImageObject","@id":"\/logo.png","url":"\/logo.png","width":600,"height":60}},"image":{"@type":"ImageObject","@id":"https:\/\/www.propoj.cz\/wp-content\/uploads\/img_a303509_w2389_t1513867265.jpg","url":"https:\/\/www.propoj.cz\/wp-content\/uploads\/img_a303509_w2389_t1513867265.jpg","height":0,"width":0},"wordCount":515,"keywords":null},{"@type":"Article","@id":"https:\/\/www.propoj.cz\/jaromir-jagr-jako-zijici-legenda-hokeje\/","headline":"Jarom\u00edr J\u00e1gr jako \u017eij\u00edc\u00ed legenda hokeje","url":"https:\/\/www.propoj.cz\/jaromir-jagr-jako-zijici-legenda-hokeje\/","datePublished":"2023-05-07","dateModified":"2023-05-07","mainEntityOfPage":"https:\/\/www.propoj.cz\/jaromir-jagr-jako-zijici-legenda-hokeje\/","author":{"@type":"Person","@id":"https:\/\/www.propoj.cz\/author\/#Person","name":"","url":"https:\/\/www.propoj.cz\/author\/","identifier":1,"image":{"@type":"ImageObject","@id":"https:\/\/secure.gravatar.com\/avatar\/a8eff27a95921eb0334c4b46176282bd?s=96&d=mm&r=g","url":"https:\/\/secure.gravatar.com\/avatar\/a8eff27a95921eb0334c4b46176282bd?s=96&d=mm&r=g","height":96,"width":96}},"publisher":{"@type":"Organization","name":"propoj.cz","logo":{"@type":"ImageObject","@id":"\/logo.png","url":"\/logo.png","width":600,"height":60}},"image":{"@type":"ImageObject","@id":"https:\/\/www.propoj.cz\/wp-content\/uploads\/img_a300177_w2099_t1510239439.jpg","url":"https:\/\/www.propoj.cz\/wp-content\/uploads\/img_a300177_w2099_t1510239439.jpg","height":0,"width":0},"wordCount":578,"keywords":null}]},{"@context":"https:\/\/schema.org","@type":"WebSite","@id":"https:\/\/www.propoj.cz\/#website","name":"Propoj","url":"https:\/\/www.propoj.cz","potentialAction":{"@type":"SearchAction","target":"https:\/\/www.propoj.cz\/?s={search_term_string}","query-input":"required name=search_term_string"}}]