[{"@context":"https:\/\/schema.org\/","@type":"Blog","@id":"https:\/\/www.propoj.cz#Blog","headline":"Propoj","description":"\nPot\u0159ebujete z\u00edskat n\u011bjak\u00e9 ty pen\u00edze nav\u00edc? Kdo by nepot\u0159eboval, \u017ee? Chcete-li, nab\u00edz\u00edme v\u00e1m mo\u017enosti, jak toho pohodln\u011b a zaru\u010den\u011b dos\u00e1hnout.","url":"https:\/\/www.propoj.cz","hasPart":[{"@type":"Article","@id":"https:\/\/www.propoj.cz\/muzeme-susene-kvetiny-vyrabet-sami-a-jake-ma-susena-kvetina-nevyhody\/","headline":"M\u016f\u017eeme su\u0161en\u00e9 kv\u011btiny vyr\u00e1b\u011bt sami, a jak\u00e9 m\u00e1 su\u0161en\u00e1 kv\u011btina nev\u00fdhody?","url":"https:\/\/www.propoj.cz\/muzeme-susene-kvetiny-vyrabet-sami-a-jake-ma-susena-kvetina-nevyhody\/","datePublished":"2020-08-20","dateModified":"2023-05-07","mainEntityOfPage":"https:\/\/www.propoj.cz\/muzeme-susene-kvetiny-vyrabet-sami-a-jake-ma-susena-kvetina-nevyhody\/","author":{"@type":"Person","@id":"https:\/\/www.propoj.cz\/author\/#Person","name":"","url":"https:\/\/www.propoj.cz\/author\/","identifier":1,"image":{"@type":"ImageObject","@id":"https:\/\/secure.gravatar.com\/avatar\/a8eff27a95921eb0334c4b46176282bd?s=96&d=mm&r=g","url":"https:\/\/secure.gravatar.com\/avatar\/a8eff27a95921eb0334c4b46176282bd?s=96&d=mm&r=g","height":96,"width":96}},"publisher":{"@type":"Organization","name":"propoj.cz","logo":{"@type":"ImageObject","@id":"\/logo.png","url":"\/logo.png","width":600,"height":60}},"image":{"@type":"ImageObject","@id":"https:\/\/www.propoj.cz\/wp-content\/uploads\/img_a385769_w2943_t1597833180.jpg","url":"https:\/\/www.propoj.cz\/wp-content\/uploads\/img_a385769_w2943_t1597833180.jpg","height":0,"width":0},"wordCount":564,"keywords":null},{"@type":"Article","@id":"https:\/\/www.propoj.cz\/co-je-to-caigua\/","headline":"Co je to caigua?","url":"https:\/\/www.propoj.cz\/co-je-to-caigua\/","datePublished":"2020-08-10","dateModified":"2023-11-03","mainEntityOfPage":"https:\/\/www.propoj.cz\/co-je-to-caigua\/","author":{"@type":"Person","@id":"https:\/\/www.propoj.cz\/author\/#Person","name":"","url":"https:\/\/www.propoj.cz\/author\/","identifier":1,"image":{"@type":"ImageObject","@id":"https:\/\/secure.gravatar.com\/avatar\/a8eff27a95921eb0334c4b46176282bd?s=96&d=mm&r=g","url":"https:\/\/secure.gravatar.com\/avatar\/a8eff27a95921eb0334c4b46176282bd?s=96&d=mm&r=g","height":96,"width":96}},"publisher":{"@type":"Organization","name":"propoj.cz","logo":{"@type":"ImageObject","@id":"\/logo.png","url":"\/logo.png","width":600,"height":60}},"image":{"@type":"ImageObject","@id":"https:\/\/www.propoj.cz\/wp-content\/uploads\/acokca-4459675_960_720.jpg","url":"https:\/\/www.propoj.cz\/wp-content\/uploads\/acokca-4459675_960_720.jpg","height":0,"width":0},"wordCount":1105,"keywords":null},{"@type":"Article","@id":"https:\/\/www.propoj.cz\/jak-na-svudny-pohled\/","headline":"Jak na sv\u016fdn\u00fd pohled?","url":"https:\/\/www.propoj.cz\/jak-na-svudny-pohled\/","datePublished":"2020-07-14","dateModified":"2023-05-07","mainEntityOfPage":"https:\/\/www.propoj.cz\/jak-na-svudny-pohled\/","author":{"@type":"Person","@id":"https:\/\/www.propoj.cz\/author\/#Person","name":"","url":"https:\/\/www.propoj.cz\/author\/","identifier":1,"image":{"@type":"ImageObject","@id":"https:\/\/secure.gravatar.com\/avatar\/a8eff27a95921eb0334c4b46176282bd?s=96&d=mm&r=g","url":"https:\/\/secure.gravatar.com\/avatar\/a8eff27a95921eb0334c4b46176282bd?s=96&d=mm&r=g","height":96,"width":96}},"publisher":{"@type":"Organization","name":"propoj.cz","logo":{"@type":"ImageObject","@id":"\/logo.png","url":"\/logo.png","width":600,"height":60}},"image":{"@type":"ImageObject","@id":"https:\/\/www.propoj.cz\/wp-content\/uploads\/dlouhe%CC%81%20r%CC%8Casy.jpg","url":"https:\/\/www.propoj.cz\/wp-content\/uploads\/dlouhe%CC%81%20r%CC%8Casy.jpg","height":0,"width":0},"wordCount":561,"keywords":null},{"@type":"Article","@id":"https:\/\/www.propoj.cz\/oznaceni-majetku\/","headline":"Ozna\u010den\u00ed majetku","url":"https:\/\/www.propoj.cz\/oznaceni-majetku\/","datePublished":"2020-06-21","dateModified":"2023-05-07","mainEntityOfPage":"https:\/\/www.propoj.cz\/oznaceni-majetku\/","author":{"@type":"Person","@id":"https:\/\/www.propoj.cz\/author\/#Person","name":"","url":"https:\/\/www.propoj.cz\/author\/","identifier":1,"image":{"@type":"ImageObject","@id":"https:\/\/secure.gravatar.com\/avatar\/a8eff27a95921eb0334c4b46176282bd?s=96&d=mm&r=g","url":"https:\/\/secure.gravatar.com\/avatar\/a8eff27a95921eb0334c4b46176282bd?s=96&d=mm&r=g","height":96,"width":96}},"publisher":{"@type":"Organization","name":"propoj.cz","logo":{"@type":"ImageObject","@id":"\/logo.png","url":"\/logo.png","width":600,"height":60}},"image":{"@type":"ImageObject","@id":"https:\/\/www.propoj.cz\/wp-content\/uploads\/Detail%20betonu.jpg","url":"https:\/\/www.propoj.cz\/wp-content\/uploads\/Detail%20betonu.jpg","height":0,"width":0},"wordCount":718,"keywords":null},{"@type":"Article","@id":"https:\/\/www.propoj.cz\/bydlete-i-bez-stavebniho-povoleni\/","headline":"Bydlete i bez stavebn\u00edho povolen\u00ed!","url":"https:\/\/www.propoj.cz\/bydlete-i-bez-stavebniho-povoleni\/","datePublished":"2020-05-18","dateModified":"2023-05-07","mainEntityOfPage":"https:\/\/www.propoj.cz\/bydlete-i-bez-stavebniho-povoleni\/","author":{"@type":"Person","@id":"https:\/\/www.propoj.cz\/author\/#Person","name":"","url":"https:\/\/www.propoj.cz\/author\/","identifier":1,"image":{"@type":"ImageObject","@id":"https:\/\/secure.gravatar.com\/avatar\/a8eff27a95921eb0334c4b46176282bd?s=96&d=mm&r=g","url":"https:\/\/secure.gravatar.com\/avatar\/a8eff27a95921eb0334c4b46176282bd?s=96&d=mm&r=g","height":96,"width":96}},"publisher":{"@type":"Organization","name":"propoj.cz","logo":{"@type":"ImageObject","@id":"\/logo.png","url":"\/logo.png","width":600,"height":60}},"image":{"@type":"ImageObject","@id":"https:\/\/www.propoj.cz\/wp-content\/uploads\/house-3322850_1920.jpg","url":"https:\/\/www.propoj.cz\/wp-content\/uploads\/house-3322850_1920.jpg","height":0,"width":0},"wordCount":592,"keywords":null},{"@type":"Article","@id":"https:\/\/www.propoj.cz\/kaktusy-patri-k-sukulentum\/","headline":"Kaktusy pat\u0159\u00ed k sukulent\u016fm","url":"https:\/\/www.propoj.cz\/kaktusy-patri-k-sukulentum\/","datePublished":"2020-03-22","dateModified":"2023-05-07","mainEntityOfPage":"https:\/\/www.propoj.cz\/kaktusy-patri-k-sukulentum\/","author":{"@type":"Person","@id":"https:\/\/www.propoj.cz\/author\/#Person","name":"","url":"https:\/\/www.propoj.cz\/author\/","identifier":1,"image":{"@type":"ImageObject","@id":"https:\/\/secure.gravatar.com\/avatar\/a8eff27a95921eb0334c4b46176282bd?s=96&d=mm&r=g","url":"https:\/\/secure.gravatar.com\/avatar\/a8eff27a95921eb0334c4b46176282bd?s=96&d=mm&r=g","height":96,"width":96}},"publisher":{"@type":"Organization","name":"propoj.cz","logo":{"@type":"ImageObject","@id":"\/logo.png","url":"\/logo.png","width":600,"height":60}},"image":{"@type":"ImageObject","@id":"https:\/\/www.propoj.cz\/wp-content\/uploads\/img_a372808_w3141_t1584351497.jpg","url":"https:\/\/www.propoj.cz\/wp-content\/uploads\/img_a372808_w3141_t1584351497.jpg","height":0,"width":0},"wordCount":495,"keywords":null},{"@type":"Article","@id":"https:\/\/www.propoj.cz\/dovolena-v-obytnem-aute\/","headline":"Dovolen\u00e1 v obytn\u00e9m aut\u011b","url":"https:\/\/www.propoj.cz\/dovolena-v-obytnem-aute\/","datePublished":"2020-03-15","dateModified":"2023-05-07","mainEntityOfPage":"https:\/\/www.propoj.cz\/dovolena-v-obytnem-aute\/","author":{"@type":"Person","@id":"https:\/\/www.propoj.cz\/author\/#Person","name":"","url":"https:\/\/www.propoj.cz\/author\/","identifier":1,"image":{"@type":"ImageObject","@id":"https:\/\/secure.gravatar.com\/avatar\/a8eff27a95921eb0334c4b46176282bd?s=96&d=mm&r=g","url":"https:\/\/secure.gravatar.com\/avatar\/a8eff27a95921eb0334c4b46176282bd?s=96&d=mm&r=g","height":96,"width":96}},"publisher":{"@type":"Organization","name":"propoj.cz","logo":{"@type":"ImageObject","@id":"\/logo.png","url":"\/logo.png","width":600,"height":60}},"image":{"@type":"ImageObject","@id":"https:\/\/www.propoj.cz\/wp-content\/uploads\/img_a372248_w2943_t1583755108.jpg","url":"https:\/\/www.propoj.cz\/wp-content\/uploads\/img_a372248_w2943_t1583755108.jpg","height":0,"width":0},"wordCount":686,"keywords":null},{"@type":"Article","@id":"https:\/\/www.propoj.cz\/unsco-dalsi-dve-zelizka-v-ohni\/","headline":"UNSCO \u2013 dal\u0161\u00ed dv\u011b \u017eel\u00edzka v ohni","url":"https:\/\/www.propoj.cz\/unsco-dalsi-dve-zelizka-v-ohni\/","datePublished":"2020-01-21","dateModified":"2020-01-21","mainEntityOfPage":"https:\/\/www.propoj.cz\/unsco-dalsi-dve-zelizka-v-ohni\/","author":{"@type":"Person","@id":"https:\/\/www.propoj.cz\/author\/#Person","name":"","url":"https:\/\/www.propoj.cz\/author\/","identifier":1,"image":{"@type":"ImageObject","@id":"https:\/\/secure.gravatar.com\/avatar\/a8eff27a95921eb0334c4b46176282bd?s=96&d=mm&r=g","url":"https:\/\/secure.gravatar.com\/avatar\/a8eff27a95921eb0334c4b46176282bd?s=96&d=mm&r=g","height":96,"width":96}},"publisher":{"@type":"Organization","name":"propoj.cz","logo":{"@type":"ImageObject","@id":"\/logo.png","url":"\/logo.png","width":600,"height":60}},"image":{"@type":"ImageObject","@id":"https:\/\/www.propoj.cz\/wp-content\/uploads\/img_a354237_w3265_t1568810409.jpg","url":"https:\/\/www.propoj.cz\/wp-content\/uploads\/img_a354237_w3265_t1568810409.jpg","height":0,"width":0},"wordCount":4502,"keywords":null},{"@type":"Article","@id":"https:\/\/www.propoj.cz\/vlasske-orechy-a-jejich-vliv-na-lidske-zdravi\/","headline":"Vla\u0161sk\u00e9 o\u0159echy a jejich vliv na lidsk\u00e9 zdrav\u00ed","url":"https:\/\/www.propoj.cz\/vlasske-orechy-a-jejich-vliv-na-lidske-zdravi\/","datePublished":"2020-01-12","dateModified":"2023-05-07","mainEntityOfPage":"https:\/\/www.propoj.cz\/vlasske-orechy-a-jejich-vliv-na-lidske-zdravi\/","author":{"@type":"Person","@id":"https:\/\/www.propoj.cz\/author\/#Person","name":"","url":"https:\/\/www.propoj.cz\/author\/","identifier":1,"image":{"@type":"ImageObject","@id":"https:\/\/secure.gravatar.com\/avatar\/a8eff27a95921eb0334c4b46176282bd?s=96&d=mm&r=g","url":"https:\/\/secure.gravatar.com\/avatar\/a8eff27a95921eb0334c4b46176282bd?s=96&d=mm&r=g","height":96,"width":96}},"publisher":{"@type":"Organization","name":"propoj.cz","logo":{"@type":"ImageObject","@id":"\/logo.png","url":"\/logo.png","width":600,"height":60}},"image":{"@type":"ImageObject","@id":"https:\/\/www.propoj.cz\/wp-content\/uploads\/img_a379596_w4297_t1591170972.jpg","url":"https:\/\/www.propoj.cz\/wp-content\/uploads\/img_a379596_w4297_t1591170972.jpg","height":0,"width":0},"wordCount":581,"keywords":null},{"@type":"Article","@id":"https:\/\/www.propoj.cz\/pudopokryvne-rostliny-jsou-prakticke-a-krasne\/","headline":"P\u016fdopokryvn\u00e9 rostliny jsou praktick\u00e9 a kr\u00e1sn\u00e9","url":"https:\/\/www.propoj.cz\/pudopokryvne-rostliny-jsou-prakticke-a-krasne\/","datePublished":"2019-12-22","dateModified":"2019-12-22","mainEntityOfPage":"https:\/\/www.propoj.cz\/pudopokryvne-rostliny-jsou-prakticke-a-krasne\/","author":{"@type":"Person","@id":"https:\/\/www.propoj.cz\/author\/#Person","name":"","url":"https:\/\/www.propoj.cz\/author\/","identifier":1,"image":{"@type":"ImageObject","@id":"https:\/\/secure.gravatar.com\/avatar\/a8eff27a95921eb0334c4b46176282bd?s=96&d=mm&r=g","url":"https:\/\/secure.gravatar.com\/avatar\/a8eff27a95921eb0334c4b46176282bd?s=96&d=mm&r=g","height":96,"width":96}},"publisher":{"@type":"Organization","name":"propoj.cz","logo":{"@type":"ImageObject","@id":"\/logo.png","url":"\/logo.png","width":600,"height":60}},"image":{"@type":"ImageObject","@id":"https:\/\/www.propoj.cz\/wp-content\/uploads\/img_a365890_w4411_t1578558426.jpg","url":"https:\/\/www.propoj.cz\/wp-content\/uploads\/img_a365890_w4411_t1578558426.jpg","height":0,"width":0},"wordCount":4478,"keywords":null}]},{"@context":"https:\/\/schema.org","@type":"WebSite","@id":"https:\/\/www.propoj.cz\/#website","name":"Propoj","url":"https:\/\/www.propoj.cz","potentialAction":{"@type":"SearchAction","target":"https:\/\/www.propoj.cz\/?s={search_term_string}","query-input":"required name=search_term_string"}}]