[{"@context":"https:\/\/schema.org\/","@type":"Blog","@id":"https:\/\/www.propoj.cz#Blog","headline":"Propoj","description":"\nPot\u0159ebujete z\u00edskat n\u011bjak\u00e9 ty pen\u00edze nav\u00edc? Kdo by nepot\u0159eboval, \u017ee? Chcete-li, nab\u00edz\u00edme v\u00e1m mo\u017enosti, jak toho pohodln\u011b a zaru\u010den\u011b dos\u00e1hnout.","url":"https:\/\/www.propoj.cz","hasPart":[{"@type":"Article","@id":"https:\/\/www.propoj.cz\/potrebujete-si-pujcit\/","headline":"Pot\u0159ebujete si p\u016fj\u010dit","url":"https:\/\/www.propoj.cz\/potrebujete-si-pujcit\/","datePublished":"2021-02-19","dateModified":"2023-05-07","mainEntityOfPage":"https:\/\/www.propoj.cz\/potrebujete-si-pujcit\/","author":{"@type":"Person","@id":"https:\/\/www.propoj.cz\/author\/#Person","name":"","url":"https:\/\/www.propoj.cz\/author\/","identifier":1,"image":{"@type":"ImageObject","@id":"https:\/\/secure.gravatar.com\/avatar\/a8eff27a95921eb0334c4b46176282bd?s=96&d=mm&r=g","url":"https:\/\/secure.gravatar.com\/avatar\/a8eff27a95921eb0334c4b46176282bd?s=96&d=mm&r=g","height":96,"width":96}},"publisher":{"@type":"Organization","name":"propoj.cz","logo":{"@type":"ImageObject","@id":"\/logo.png","url":"\/logo.png","width":600,"height":60}},"image":{"@type":"ImageObject","@id":"https:\/\/www.propoj.cz\/wp-content\/uploads\/jeny%20mince.jpg","url":"https:\/\/www.propoj.cz\/wp-content\/uploads\/jeny%20mince.jpg","height":0,"width":0},"wordCount":851,"keywords":null},{"@type":"Article","@id":"https:\/\/www.propoj.cz\/makrolon-desky\/","headline":"Makrolon desky","url":"https:\/\/www.propoj.cz\/makrolon-desky\/","datePublished":"2021-02-17","dateModified":"2023-09-01","mainEntityOfPage":"https:\/\/www.propoj.cz\/makrolon-desky\/","author":{"@type":"Person","@id":"https:\/\/www.propoj.cz\/author\/#Person","name":"","url":"https:\/\/www.propoj.cz\/author\/","identifier":1,"image":{"@type":"ImageObject","@id":"https:\/\/secure.gravatar.com\/avatar\/a8eff27a95921eb0334c4b46176282bd?s=96&d=mm&r=g","url":"https:\/\/secure.gravatar.com\/avatar\/a8eff27a95921eb0334c4b46176282bd?s=96&d=mm&r=g","height":96,"width":96}},"publisher":{"@type":"Organization","name":"propoj.cz","logo":{"@type":"ImageObject","@id":"\/logo.png","url":"\/logo.png","width":600,"height":60}},"image":{"@type":"ImageObject","@id":"https:\/\/www.propoj.cz\/wp-content\/uploads\/vhodn%C3%A9%20desky.PNG","url":"https:\/\/www.propoj.cz\/wp-content\/uploads\/vhodn%C3%A9%20desky.PNG","height":0,"width":0},"wordCount":1187,"keywords":null},{"@type":"Article","@id":"https:\/\/www.propoj.cz\/chcete-uspet-na-internetu\/","headline":"Chcete usp\u011bt na internetu?","url":"https:\/\/www.propoj.cz\/chcete-uspet-na-internetu\/","datePublished":"2021-02-05","dateModified":"2023-05-07","mainEntityOfPage":"https:\/\/www.propoj.cz\/chcete-uspet-na-internetu\/","author":{"@type":"Person","@id":"https:\/\/www.propoj.cz\/author\/#Person","name":"","url":"https:\/\/www.propoj.cz\/author\/","identifier":1,"image":{"@type":"ImageObject","@id":"https:\/\/secure.gravatar.com\/avatar\/a8eff27a95921eb0334c4b46176282bd?s=96&d=mm&r=g","url":"https:\/\/secure.gravatar.com\/avatar\/a8eff27a95921eb0334c4b46176282bd?s=96&d=mm&r=g","height":96,"width":96}},"publisher":{"@type":"Organization","name":"propoj.cz","logo":{"@type":"ImageObject","@id":"\/logo.png","url":"\/logo.png","width":600,"height":60}},"image":{"@type":"ImageObject","@id":"https:\/\/www.propoj.cz\/wp-content\/uploads\/internet%20grafika_LmFWVg.jpg","url":"https:\/\/www.propoj.cz\/wp-content\/uploads\/internet%20grafika_LmFWVg.jpg","height":0,"width":0},"wordCount":495,"keywords":null},{"@type":"Article","@id":"https:\/\/www.propoj.cz\/proc-je-zabradli-na-balkon-nezbytne\/","headline":"Pro\u010d je z\u00e1bradl\u00ed na balk\u00f3n nezbytn\u00e9","url":"https:\/\/www.propoj.cz\/proc-je-zabradli-na-balkon-nezbytne\/","datePublished":"2020-12-14","dateModified":"2023-05-07","mainEntityOfPage":"https:\/\/www.propoj.cz\/proc-je-zabradli-na-balkon-nezbytne\/","author":{"@type":"Person","@id":"https:\/\/www.propoj.cz\/author\/#Person","name":"","url":"https:\/\/www.propoj.cz\/author\/","identifier":1,"image":{"@type":"ImageObject","@id":"https:\/\/secure.gravatar.com\/avatar\/a8eff27a95921eb0334c4b46176282bd?s=96&d=mm&r=g","url":"https:\/\/secure.gravatar.com\/avatar\/a8eff27a95921eb0334c4b46176282bd?s=96&d=mm&r=g","height":96,"width":96}},"publisher":{"@type":"Organization","name":"propoj.cz","logo":{"@type":"ImageObject","@id":"\/logo.png","url":"\/logo.png","width":600,"height":60}},"image":{"@type":"ImageObject","@id":"https:\/\/www.propoj.cz\/wp-content\/uploads\/hypoteka3_10_10_10_6.jpg","url":"https:\/\/www.propoj.cz\/wp-content\/uploads\/hypoteka3_10_10_10_6.jpg","height":0,"width":0},"wordCount":744,"keywords":null},{"@type":"Article","@id":"https:\/\/www.propoj.cz\/tricka-s-vlastnim-potiskem-vyjadruji-nasi-osobnost\/","headline":"Tri\u010dka s vlastn\u00edm potiskem vyjad\u0159uj\u00ed na\u0161i osobnost","url":"https:\/\/www.propoj.cz\/tricka-s-vlastnim-potiskem-vyjadruji-nasi-osobnost\/","datePublished":"2020-11-17","dateModified":"2023-11-02","mainEntityOfPage":"https:\/\/www.propoj.cz\/tricka-s-vlastnim-potiskem-vyjadruji-nasi-osobnost\/","author":{"@type":"Person","@id":"https:\/\/www.propoj.cz\/author\/#Person","name":"","url":"https:\/\/www.propoj.cz\/author\/","identifier":1,"image":{"@type":"ImageObject","@id":"https:\/\/secure.gravatar.com\/avatar\/a8eff27a95921eb0334c4b46176282bd?s=96&d=mm&r=g","url":"https:\/\/secure.gravatar.com\/avatar\/a8eff27a95921eb0334c4b46176282bd?s=96&d=mm&r=g","height":96,"width":96}},"publisher":{"@type":"Organization","name":"propoj.cz","logo":{"@type":"ImageObject","@id":"\/logo.png","url":"\/logo.png","width":600,"height":60}},"image":{"@type":"ImageObject","@id":"https:\/\/www.propoj.cz\/wp-content\/uploads\/%C4%8Derven%C3%A9%20triko%20a%20od%C4%9Bv.jpg","url":"https:\/\/www.propoj.cz\/wp-content\/uploads\/%C4%8Derven%C3%A9%20triko%20a%20od%C4%9Bv.jpg","height":0,"width":0},"wordCount":648,"keywords":null},{"@type":"Article","@id":"https:\/\/www.propoj.cz\/idealni-nabytek-do-garsonek\/","headline":"Ide\u00e1ln\u00ed n\u00e1bytek do garsonek","url":"https:\/\/www.propoj.cz\/idealni-nabytek-do-garsonek\/","datePublished":"2020-11-15","dateModified":"2023-05-07","mainEntityOfPage":"https:\/\/www.propoj.cz\/idealni-nabytek-do-garsonek\/","author":{"@type":"Person","@id":"https:\/\/www.propoj.cz\/author\/#Person","name":"","url":"https:\/\/www.propoj.cz\/author\/","identifier":1,"image":{"@type":"ImageObject","@id":"https:\/\/secure.gravatar.com\/avatar\/a8eff27a95921eb0334c4b46176282bd?s=96&d=mm&r=g","url":"https:\/\/secure.gravatar.com\/avatar\/a8eff27a95921eb0334c4b46176282bd?s=96&d=mm&r=g","height":96,"width":96}},"publisher":{"@type":"Organization","name":"propoj.cz","logo":{"@type":"ImageObject","@id":"\/logo.png","url":"\/logo.png","width":600,"height":60}},"image":{"@type":"ImageObject","@id":"https:\/\/www.propoj.cz\/wp-content\/uploads\/Oble%C4%8Den%C3%AD%20ve%20sk%C5%99%C3%ADni_3.jpg","url":"https:\/\/www.propoj.cz\/wp-content\/uploads\/Oble%C4%8Den%C3%AD%20ve%20sk%C5%99%C3%ADni_3.jpg","height":0,"width":0},"wordCount":665,"keywords":null},{"@type":"Article","@id":"https:\/\/www.propoj.cz\/nekolik-cisel-a-je-z-toho-sudoku\/","headline":"N\u011bkolik \u010d\u00edsel a je z toho sudoku","url":"https:\/\/www.propoj.cz\/nekolik-cisel-a-je-z-toho-sudoku\/","datePublished":"2020-10-22","dateModified":"2023-05-07","mainEntityOfPage":"https:\/\/www.propoj.cz\/nekolik-cisel-a-je-z-toho-sudoku\/","author":{"@type":"Person","@id":"https:\/\/www.propoj.cz\/author\/#Person","name":"","url":"https:\/\/www.propoj.cz\/author\/","identifier":1,"image":{"@type":"ImageObject","@id":"https:\/\/secure.gravatar.com\/avatar\/a8eff27a95921eb0334c4b46176282bd?s=96&d=mm&r=g","url":"https:\/\/secure.gravatar.com\/avatar\/a8eff27a95921eb0334c4b46176282bd?s=96&d=mm&r=g","height":96,"width":96}},"publisher":{"@type":"Organization","name":"propoj.cz","logo":{"@type":"ImageObject","@id":"\/logo.png","url":"\/logo.png","width":600,"height":60}},"image":{"@type":"ImageObject","@id":"https:\/\/www.propoj.cz\/wp-content\/uploads\/img_a298324_w1761_t1508702261.jpg","url":"https:\/\/www.propoj.cz\/wp-content\/uploads\/img_a298324_w1761_t1508702261.jpg","height":0,"width":0},"wordCount":473,"keywords":null},{"@type":"Article","@id":"https:\/\/www.propoj.cz\/vypocitejte-si-jestli-mate-nadvahu\/","headline":"Vypo\u010d\u00edtejte si, jestli m\u00e1te nadv\u00e1hu","url":"https:\/\/www.propoj.cz\/vypocitejte-si-jestli-mate-nadvahu\/","datePublished":"2020-10-19","dateModified":"2023-05-07","mainEntityOfPage":"https:\/\/www.propoj.cz\/vypocitejte-si-jestli-mate-nadvahu\/","author":{"@type":"Person","@id":"https:\/\/www.propoj.cz\/author\/#Person","name":"","url":"https:\/\/www.propoj.cz\/author\/","identifier":1,"image":{"@type":"ImageObject","@id":"https:\/\/secure.gravatar.com\/avatar\/a8eff27a95921eb0334c4b46176282bd?s=96&d=mm&r=g","url":"https:\/\/secure.gravatar.com\/avatar\/a8eff27a95921eb0334c4b46176282bd?s=96&d=mm&r=g","height":96,"width":96}},"publisher":{"@type":"Organization","name":"propoj.cz","logo":{"@type":"ImageObject","@id":"\/logo.png","url":"\/logo.png","width":600,"height":60}},"image":{"@type":"ImageObject","@id":"https:\/\/www.propoj.cz\/wp-content\/uploads\/ovoce%20j%C3%ADdlo.jpeg","url":"https:\/\/www.propoj.cz\/wp-content\/uploads\/ovoce%20j%C3%ADdlo.jpeg","height":0,"width":0},"wordCount":607,"keywords":null},{"@type":"Article","@id":"https:\/\/www.propoj.cz\/misto-zastraseni-se-nechte-zastresit\/","headline":"M\u00edsto zastra\u0161en\u00ed se nechte zast\u0159e\u0161it.","url":"https:\/\/www.propoj.cz\/misto-zastraseni-se-nechte-zastresit\/","datePublished":"2020-09-15","dateModified":"2024-04-10","mainEntityOfPage":"https:\/\/www.propoj.cz\/misto-zastraseni-se-nechte-zastresit\/","author":{"@type":"Person","@id":"https:\/\/www.propoj.cz\/author\/#Person","name":"","url":"https:\/\/www.propoj.cz\/author\/","identifier":1,"image":{"@type":"ImageObject","@id":"https:\/\/secure.gravatar.com\/avatar\/a8eff27a95921eb0334c4b46176282bd?s=96&d=mm&r=g","url":"https:\/\/secure.gravatar.com\/avatar\/a8eff27a95921eb0334c4b46176282bd?s=96&d=mm&r=g","height":96,"width":96}},"publisher":{"@type":"Organization","name":"propoj.cz","logo":{"@type":"ImageObject","@id":"\/logo.png","url":"\/logo.png","width":600,"height":60}},"image":{"@type":"ImageObject","@id":"https:\/\/www.propoj.cz\/wp-content\/uploads\/festival-3357588_1280_1.jpg","url":"https:\/\/www.propoj.cz\/wp-content\/uploads\/festival-3357588_1280_1.jpg","height":0,"width":0},"wordCount":584,"keywords":null},{"@type":"Article","@id":"https:\/\/www.propoj.cz\/jak-se-zviditelnit-na-socialnich-mediich\/","headline":"Jak se zviditelnit na soci\u00e1ln\u00edch m\u00e9di\u00edch?","url":"https:\/\/www.propoj.cz\/jak-se-zviditelnit-na-socialnich-mediich\/","datePublished":"2020-09-11","dateModified":"2023-05-07","mainEntityOfPage":"https:\/\/www.propoj.cz\/jak-se-zviditelnit-na-socialnich-mediich\/","author":{"@type":"Person","@id":"https:\/\/www.propoj.cz\/author\/#Person","name":"","url":"https:\/\/www.propoj.cz\/author\/","identifier":1,"image":{"@type":"ImageObject","@id":"https:\/\/secure.gravatar.com\/avatar\/a8eff27a95921eb0334c4b46176282bd?s=96&d=mm&r=g","url":"https:\/\/secure.gravatar.com\/avatar\/a8eff27a95921eb0334c4b46176282bd?s=96&d=mm&r=g","height":96,"width":96}},"publisher":{"@type":"Organization","name":"propoj.cz","logo":{"@type":"ImageObject","@id":"\/logo.png","url":"\/logo.png","width":600,"height":60}},"image":{"@type":"ImageObject","@id":"https:\/\/www.propoj.cz\/wp-content\/uploads\/img_a304177_w2121_t1515151070.png","url":"https:\/\/www.propoj.cz\/wp-content\/uploads\/img_a304177_w2121_t1515151070.png","height":0,"width":0},"wordCount":486,"keywords":null}]},{"@context":"https:\/\/schema.org","@type":"WebSite","@id":"https:\/\/www.propoj.cz\/#website","name":"Propoj","url":"https:\/\/www.propoj.cz","potentialAction":{"@type":"SearchAction","target":"https:\/\/www.propoj.cz\/?s={search_term_string}","query-input":"required name=search_term_string"}}]