[{"@context":"https:\/\/schema.org\/","@type":"Blog","@id":"https:\/\/www.propoj.cz#Blog","headline":"Propoj","description":"\nPot\u0159ebujete z\u00edskat n\u011bjak\u00e9 ty pen\u00edze nav\u00edc? Kdo by nepot\u0159eboval, \u017ee? Chcete-li, nab\u00edz\u00edme v\u00e1m mo\u017enosti, jak toho pohodln\u011b a zaru\u010den\u011b dos\u00e1hnout.","url":"https:\/\/www.propoj.cz","hasPart":[{"@type":"Article","@id":"https:\/\/www.propoj.cz\/chlebovka-je-vlastne-takovy-maly-spajz-v-krasnem-provedeni\/","headline":"Chlebovka je vlastn\u011b takov\u00fd mal\u00fd \u0161pajz v kr\u00e1sn\u00e9m proveden\u00ed.","url":"https:\/\/www.propoj.cz\/chlebovka-je-vlastne-takovy-maly-spajz-v-krasnem-provedeni\/","datePublished":"2022-01-16","dateModified":"2023-05-07","mainEntityOfPage":"https:\/\/www.propoj.cz\/chlebovka-je-vlastne-takovy-maly-spajz-v-krasnem-provedeni\/","author":{"@type":"Person","@id":"https:\/\/www.propoj.cz\/author\/#Person","name":"","url":"https:\/\/www.propoj.cz\/author\/","identifier":1,"image":{"@type":"ImageObject","@id":"https:\/\/secure.gravatar.com\/avatar\/a8eff27a95921eb0334c4b46176282bd?s=96&d=mm&r=g","url":"https:\/\/secure.gravatar.com\/avatar\/a8eff27a95921eb0334c4b46176282bd?s=96&d=mm&r=g","height":96,"width":96}},"publisher":{"@type":"Organization","name":"propoj.cz","logo":{"@type":"ImageObject","@id":"\/logo.png","url":"\/logo.png","width":600,"height":60}},"image":{"@type":"ImageObject","@id":"https:\/\/www.propoj.cz\/wp-content\/uploads\/chleb.jpg","url":"https:\/\/www.propoj.cz\/wp-content\/uploads\/chleb.jpg","height":0,"width":0},"wordCount":574,"keywords":null},{"@type":"Article","@id":"https:\/\/www.propoj.cz\/nejkrasnejsi-lustr-do-bytu\/","headline":"Nejkr\u00e1sn\u011bj\u0161\u00ed lustr do bytu","url":"https:\/\/www.propoj.cz\/nejkrasnejsi-lustr-do-bytu\/","datePublished":"2021-12-28","dateModified":"2023-12-05","mainEntityOfPage":"https:\/\/www.propoj.cz\/nejkrasnejsi-lustr-do-bytu\/","author":{"@type":"Person","@id":"https:\/\/www.propoj.cz\/author\/#Person","name":"","url":"https:\/\/www.propoj.cz\/author\/","identifier":1,"image":{"@type":"ImageObject","@id":"https:\/\/secure.gravatar.com\/avatar\/a8eff27a95921eb0334c4b46176282bd?s=96&d=mm&r=g","url":"https:\/\/secure.gravatar.com\/avatar\/a8eff27a95921eb0334c4b46176282bd?s=96&d=mm&r=g","height":96,"width":96}},"publisher":{"@type":"Organization","name":"propoj.cz","logo":{"@type":"ImageObject","@id":"\/logo.png","url":"\/logo.png","width":600,"height":60}},"image":{"@type":"ImageObject","@id":"https:\/\/www.propoj.cz\/wp-content\/uploads\/lustry%20na%20lanku.jpg","url":"https:\/\/www.propoj.cz\/wp-content\/uploads\/lustry%20na%20lanku.jpg","height":0,"width":0},"wordCount":569,"keywords":null},{"@type":"Article","@id":"https:\/\/www.propoj.cz\/i-diky-skakani-je-mozne-ubrat-na-vaze\/","headline":"I d\u00edky sk\u00e1k\u00e1n\u00ed je mo\u017en\u00e9 ubrat na v\u00e1ze","url":"https:\/\/www.propoj.cz\/i-diky-skakani-je-mozne-ubrat-na-vaze\/","datePublished":"2021-12-24","dateModified":"2023-05-07","mainEntityOfPage":"https:\/\/www.propoj.cz\/i-diky-skakani-je-mozne-ubrat-na-vaze\/","author":{"@type":"Person","@id":"https:\/\/www.propoj.cz\/author\/#Person","name":"","url":"https:\/\/www.propoj.cz\/author\/","identifier":1,"image":{"@type":"ImageObject","@id":"https:\/\/secure.gravatar.com\/avatar\/a8eff27a95921eb0334c4b46176282bd?s=96&d=mm&r=g","url":"https:\/\/secure.gravatar.com\/avatar\/a8eff27a95921eb0334c4b46176282bd?s=96&d=mm&r=g","height":96,"width":96}},"publisher":{"@type":"Organization","name":"propoj.cz","logo":{"@type":"ImageObject","@id":"\/logo.png","url":"\/logo.png","width":600,"height":60}},"image":{"@type":"ImageObject","@id":"https:\/\/www.propoj.cz\/wp-content\/uploads\/Dv%C4%9B%20trampol%C3%ADny_1.jpg","url":"https:\/\/www.propoj.cz\/wp-content\/uploads\/Dv%C4%9B%20trampol%C3%ADny_1.jpg","height":0,"width":0},"wordCount":652,"keywords":null},{"@type":"Article","@id":"https:\/\/www.propoj.cz\/zelena-travicka-pod-velikonocni-vajicka\/","headline":"Zelen\u00e1 travi\u010dka pod velikono\u010dn\u00ed vaj\u00ed\u010dka","url":"https:\/\/www.propoj.cz\/zelena-travicka-pod-velikonocni-vajicka\/","datePublished":"2021-12-24","dateModified":"2023-05-07","mainEntityOfPage":"https:\/\/www.propoj.cz\/zelena-travicka-pod-velikonocni-vajicka\/","author":{"@type":"Person","@id":"https:\/\/www.propoj.cz\/author\/#Person","name":"","url":"https:\/\/www.propoj.cz\/author\/","identifier":1,"image":{"@type":"ImageObject","@id":"https:\/\/secure.gravatar.com\/avatar\/a8eff27a95921eb0334c4b46176282bd?s=96&d=mm&r=g","url":"https:\/\/secure.gravatar.com\/avatar\/a8eff27a95921eb0334c4b46176282bd?s=96&d=mm&r=g","height":96,"width":96}},"publisher":{"@type":"Organization","name":"propoj.cz","logo":{"@type":"ImageObject","@id":"\/logo.png","url":"\/logo.png","width":600,"height":60}},"image":{"@type":"ImageObject","@id":"https:\/\/www.propoj.cz\/wp-content\/uploads\/barevna_vajicka.jpg","url":"https:\/\/www.propoj.cz\/wp-content\/uploads\/barevna_vajicka.jpg","height":0,"width":0},"wordCount":440,"keywords":null},{"@type":"Article","@id":"https:\/\/www.propoj.cz\/horni-falcko-na-kolech\/","headline":"Horn\u00ed Falcko na kolech","url":"https:\/\/www.propoj.cz\/horni-falcko-na-kolech\/","datePublished":"2021-12-12","dateModified":"2023-05-07","mainEntityOfPage":"https:\/\/www.propoj.cz\/horni-falcko-na-kolech\/","author":{"@type":"Person","@id":"https:\/\/www.propoj.cz\/author\/#Person","name":"","url":"https:\/\/www.propoj.cz\/author\/","identifier":1,"image":{"@type":"ImageObject","@id":"https:\/\/secure.gravatar.com\/avatar\/a8eff27a95921eb0334c4b46176282bd?s=96&d=mm&r=g","url":"https:\/\/secure.gravatar.com\/avatar\/a8eff27a95921eb0334c4b46176282bd?s=96&d=mm&r=g","height":96,"width":96}},"publisher":{"@type":"Organization","name":"propoj.cz","logo":{"@type":"ImageObject","@id":"\/logo.png","url":"\/logo.png","width":600,"height":60}},"image":{"@type":"ImageObject","@id":"https:\/\/www.propoj.cz\/wp-content\/uploads\/couple-gac60cab64_640_1.jpg","url":"https:\/\/www.propoj.cz\/wp-content\/uploads\/couple-gac60cab64_640_1.jpg","height":0,"width":0},"wordCount":472,"keywords":null},{"@type":"Article","@id":"https:\/\/www.propoj.cz\/zdrave-mlsani-po-cely-rok\/","headline":"Zdrav\u00e9 mls\u00e1n\u00ed po cel\u00fd rok","url":"https:\/\/www.propoj.cz\/zdrave-mlsani-po-cely-rok\/","datePublished":"2021-11-20","dateModified":"2023-05-07","mainEntityOfPage":"https:\/\/www.propoj.cz\/zdrave-mlsani-po-cely-rok\/","author":{"@type":"Person","@id":"https:\/\/www.propoj.cz\/author\/#Person","name":"","url":"https:\/\/www.propoj.cz\/author\/","identifier":1,"image":{"@type":"ImageObject","@id":"https:\/\/secure.gravatar.com\/avatar\/a8eff27a95921eb0334c4b46176282bd?s=96&d=mm&r=g","url":"https:\/\/secure.gravatar.com\/avatar\/a8eff27a95921eb0334c4b46176282bd?s=96&d=mm&r=g","height":96,"width":96}},"publisher":{"@type":"Organization","name":"propoj.cz","logo":{"@type":"ImageObject","@id":"\/logo.png","url":"\/logo.png","width":600,"height":60}},"image":{"@type":"ImageObject","@id":"https:\/\/www.propoj.cz\/wp-content\/uploads\/melon-3433835_1280.jpg","url":"https:\/\/www.propoj.cz\/wp-content\/uploads\/melon-3433835_1280.jpg","height":0,"width":0},"wordCount":539,"keywords":null},{"@type":"Article","@id":"https:\/\/www.propoj.cz\/kdy-se-vystehovat-abychom-se-vyhnuli-stresu\/","headline":"Kdy se vyst\u011bhovat, abychom se vyhnuli stresu","url":"https:\/\/www.propoj.cz\/kdy-se-vystehovat-abychom-se-vyhnuli-stresu\/","datePublished":"2021-11-07","dateModified":"2023-05-07","mainEntityOfPage":"https:\/\/www.propoj.cz\/kdy-se-vystehovat-abychom-se-vyhnuli-stresu\/","author":{"@type":"Person","@id":"https:\/\/www.propoj.cz\/author\/#Person","name":"","url":"https:\/\/www.propoj.cz\/author\/","identifier":1,"image":{"@type":"ImageObject","@id":"https:\/\/secure.gravatar.com\/avatar\/a8eff27a95921eb0334c4b46176282bd?s=96&d=mm&r=g","url":"https:\/\/secure.gravatar.com\/avatar\/a8eff27a95921eb0334c4b46176282bd?s=96&d=mm&r=g","height":96,"width":96}},"publisher":{"@type":"Organization","name":"propoj.cz","logo":{"@type":"ImageObject","@id":"\/logo.png","url":"\/logo.png","width":600,"height":60}},"image":{"@type":"ImageObject","@id":"https:\/\/www.propoj.cz\/wp-content\/uploads\/moving-boxes-g0141bb042_640.png","url":"https:\/\/www.propoj.cz\/wp-content\/uploads\/moving-boxes-g0141bb042_640.png","height":0,"width":0},"wordCount":582,"keywords":null},{"@type":"Article","@id":"https:\/\/www.propoj.cz\/reklamni-predmety-pro-deti\/","headline":"Reklamn\u00ed p\u0159edm\u011bty pro d\u011bti","url":"https:\/\/www.propoj.cz\/reklamni-predmety-pro-deti\/","datePublished":"2021-10-19","dateModified":"2023-05-07","mainEntityOfPage":"https:\/\/www.propoj.cz\/reklamni-predmety-pro-deti\/","author":{"@type":"Person","@id":"https:\/\/www.propoj.cz\/author\/#Person","name":"","url":"https:\/\/www.propoj.cz\/author\/","identifier":1,"image":{"@type":"ImageObject","@id":"https:\/\/secure.gravatar.com\/avatar\/a8eff27a95921eb0334c4b46176282bd?s=96&d=mm&r=g","url":"https:\/\/secure.gravatar.com\/avatar\/a8eff27a95921eb0334c4b46176282bd?s=96&d=mm&r=g","height":96,"width":96}},"publisher":{"@type":"Organization","name":"propoj.cz","logo":{"@type":"ImageObject","@id":"\/logo.png","url":"\/logo.png","width":600,"height":60}},"image":{"@type":"ImageObject","@id":"https:\/\/www.propoj.cz\/wp-content\/uploads\/hands-gecbff7ad7_640.jpg","url":"https:\/\/www.propoj.cz\/wp-content\/uploads\/hands-gecbff7ad7_640.jpg","height":0,"width":0},"wordCount":584,"keywords":null},{"@type":"Article","@id":"https:\/\/www.propoj.cz\/pri-vyberu-nove-dlazby-postupujte-krok-po-kroku-jaky-zvolit-material-a-design\/","headline":"P\u0159i v\u00fdb\u011bru nov\u00e9 dla\u017eby postupujte krok po kroku &#8211; Jak\u00fd zvolit materi\u00e1l a design?","url":"https:\/\/www.propoj.cz\/pri-vyberu-nove-dlazby-postupujte-krok-po-kroku-jaky-zvolit-material-a-design\/","datePublished":"2021-10-03","dateModified":"2023-05-07","mainEntityOfPage":"https:\/\/www.propoj.cz\/pri-vyberu-nove-dlazby-postupujte-krok-po-kroku-jaky-zvolit-material-a-design\/","author":{"@type":"Person","@id":"https:\/\/www.propoj.cz\/author\/#Person","name":"","url":"https:\/\/www.propoj.cz\/author\/","identifier":1,"image":{"@type":"ImageObject","@id":"https:\/\/secure.gravatar.com\/avatar\/a8eff27a95921eb0334c4b46176282bd?s=96&d=mm&r=g","url":"https:\/\/secure.gravatar.com\/avatar\/a8eff27a95921eb0334c4b46176282bd?s=96&d=mm&r=g","height":96,"width":96}},"publisher":{"@type":"Organization","name":"propoj.cz","logo":{"@type":"ImageObject","@id":"\/logo.png","url":"\/logo.png","width":600,"height":60}},"image":{"@type":"ImageObject","@id":"https:\/\/www.propoj.cz\/wp-content\/uploads\/pexels-photo-207204.jpeg","url":"https:\/\/www.propoj.cz\/wp-content\/uploads\/pexels-photo-207204.jpeg","height":0,"width":0},"wordCount":591,"keywords":null},{"@type":"Article","@id":"https:\/\/www.propoj.cz\/dovolena-na-ostrove\/","headline":"Dovolen\u00e1 na ostrov\u011b","url":"https:\/\/www.propoj.cz\/dovolena-na-ostrove\/","datePublished":"2021-09-14","dateModified":"2023-05-07","mainEntityOfPage":"https:\/\/www.propoj.cz\/dovolena-na-ostrove\/","author":{"@type":"Person","@id":"https:\/\/www.propoj.cz\/author\/#Person","name":"","url":"https:\/\/www.propoj.cz\/author\/","identifier":1,"image":{"@type":"ImageObject","@id":"https:\/\/secure.gravatar.com\/avatar\/a8eff27a95921eb0334c4b46176282bd?s=96&d=mm&r=g","url":"https:\/\/secure.gravatar.com\/avatar\/a8eff27a95921eb0334c4b46176282bd?s=96&d=mm&r=g","height":96,"width":96}},"publisher":{"@type":"Organization","name":"propoj.cz","logo":{"@type":"ImageObject","@id":"\/logo.png","url":"\/logo.png","width":600,"height":60}},"image":{"@type":"ImageObject","@id":"https:\/\/www.propoj.cz\/wp-content\/uploads\/mo%C5%99e.JPG","url":"https:\/\/www.propoj.cz\/wp-content\/uploads\/mo%C5%99e.JPG","height":0,"width":0},"wordCount":783,"keywords":null}]},{"@context":"https:\/\/schema.org","@type":"WebSite","@id":"https:\/\/www.propoj.cz\/#website","name":"Propoj","url":"https:\/\/www.propoj.cz","potentialAction":{"@type":"SearchAction","target":"https:\/\/www.propoj.cz\/?s={search_term_string}","query-input":"required name=search_term_string"}}]