[{"@context":"https:\/\/schema.org\/","@type":"Article","@id":"https:\/\/www.propoj.cz\/obleceni-bude-jako-nove\/#Article","mainEntityOfPage":"https:\/\/www.propoj.cz\/obleceni-bude-jako-nove\/","headline":"Oble\u010den\u00ed bude jako nov\u00e9","name":"Oble\u010den\u00ed bude jako nov\u00e9","description":"Pr\u00e1delna Pardubice je tu od toho, aby v\u00e1m pom\u00e1hala s\u00a0\u010di\u0161t\u011bn\u00edm va\u0161ich od\u011bv\u016f, bytov\u00e9ho textil a zkr\u00e1tka v\u0161eho ostatn\u00edho, s\u00a0\u010d\u00ed si doma nejste schopni poradit. Samoz\u0159ejm\u011b, \u017ee i sportovn\u00ed vybaven\u00ed anebo nap\u0159\u00edklad obleky \u010di drah\u00e9 zimn\u00ed kab\u00e1ty pot\u0159ebuj\u00ed n\u00e1le\u017eitou p\u00e9\u010di. S\u00a0t\u00edm si ale bohu\u017eel doma porad\u00edte pouze velice t\u011b\u017eko, pokud tedy v\u016fbec. Pr\u00e1v\u011b proto je dobr\u00e9 [&hellip;]","datePublished":"2024-04-29","dateModified":"2024-04-29","author":{"@type":"Person","@id":"https:\/\/www.propoj.cz\/author\/#Person","name":"","url":"https:\/\/www.propoj.cz\/author\/","identifier":1,"image":{"@type":"ImageObject","@id":"https:\/\/secure.gravatar.com\/avatar\/a8eff27a95921eb0334c4b46176282bd?s=96&d=mm&r=g","url":"https:\/\/secure.gravatar.com\/avatar\/a8eff27a95921eb0334c4b46176282bd?s=96&d=mm&r=g","height":96,"width":96}},"publisher":{"@type":"Organization","name":"propoj.cz","logo":{"@type":"ImageObject","@id":"\/logo.png","url":"\/logo.png","width":600,"height":60}},"url":"https:\/\/www.propoj.cz\/obleceni-bude-jako-nove\/","wordCount":230,"articleBody":"Pr\u00e1delna Pardubice je tu od toho, aby v\u00e1m pom\u00e1hala s\u00a0\u010di\u0161t\u011bn\u00edm va\u0161ich od\u011bv\u016f, bytov\u00e9ho textil a zkr\u00e1tka v\u0161eho ostatn\u00edho, s\u00a0\u010d\u00ed si doma nejste schopni poradit. Samoz\u0159ejm\u011b, \u017ee i sportovn\u00ed vybaven\u00ed anebo nap\u0159\u00edklad obleky \u010di drah\u00e9 zimn\u00ed kab\u00e1ty pot\u0159ebuj\u00ed n\u00e1le\u017eitou p\u00e9\u010di. S\u00a0t\u00edm si ale bohu\u017eel doma porad\u00edte pouze velice t\u011b\u017eko, pokud tedy v\u016fbec. Pr\u00e1v\u011b proto je dobr\u00e9 vyu\u017e\u00edt rad\u011bji slu\u017eby odborn\u00edk\u016f, kte\u0159\u00ed jsou schopn\u00ed va\u0161e oble\u010den\u00ed vy\u010distit pomoc\u00ed modern\u00edch a spolehliv\u00fdch technologi\u00ed, a to tak, aby nedo\u0161lo k\u00a0n\u011bjak\u00e9mu znehodnocen\u00ed anebo dokonce zni\u010den\u00ed. V\u0161e je maxim\u00e1ln\u011b spolehliv\u00e9, proto nemus\u00edte m\u00edt obavy ohledn\u011b \u017eivotnosti va\u0161ich kousk\u016f.Pro ve\u0159ejnost i r\u016fzn\u00e1 za\u0159\u00edzen\u00edTyto slu\u017eby jsou nab\u00edzeny hlavn\u011b pro ve\u0159ejnost, ale tak\u00e9 pro mnoh\u00e9 hotely, penziony a dal\u0161\u00ed podobn\u00e9 objekty, kter\u00e9 maj\u00ed denn\u011b spoust r\u016fzn\u00fdch v\u011bc\u00ed, kter\u00e9 je pot\u0159eba vy\u010distit. Na\u0161e slu\u017eby m\u016f\u017ee zkr\u00e1tka vyu\u017e\u00edvat naprosto ka\u017ed\u00fd, kdo pot\u0159ebuje pomoci s\u00a0\u010di\u0161t\u011bn\u00edm oble\u010den\u00ed a dal\u0161\u00edho nejr\u016fzn\u011bj\u0161\u00edho textilu. Nev\u00e1hejte investovat do kvalitn\u00edch slu\u017eeb, kter\u00e9 v\u00e1m ji\u017e spoustu let poskytujeme.                                                                                                                                                                                                                                                                                                                                                                                        4.2\/5 - (4 votes)        "},{"@context":"https:\/\/schema.org\/","@type":"BreadcrumbList","itemListElement":[{"@type":"ListItem","position":1,"name":"Oble\u010den\u00ed bude jako nov\u00e9","item":"https:\/\/www.propoj.cz\/obleceni-bude-jako-nove\/#breadcrumbitem"}]}]