[{"@context":"https:\/\/schema.org\/","@type":"Article","@id":"https:\/\/www.propoj.cz\/nase-kultura\/#Article","mainEntityOfPage":"https:\/\/www.propoj.cz\/nase-kultura\/","headline":"Na\u0161e kultura","name":"Na\u0161e kultura","description":"Vzpom\u00edn\u00e1m si na ten prvn\u00ed den, kdy\u017e jsem \u0161la se z\u00e1kladn\u00ed \u0161kola poprv\u00e9 do kina. A mysl\u00edm si, \u017ee to byla poh\u00e1dka o \u010dertech a domn\u00edv\u00e1m se, \u017ee to byla Princezna ze mlejna. Podle m\u00e9ho n\u00e1zoru tam taky asi byli \u010derti, i kdy\u017e si to u\u017e po\u0159\u00e1dn\u011b nevybavuji, tak\u017ee nyn\u00ed si \u0159\u00edk\u00e1m, \u017ee bych se [&hellip;]","datePublished":"2022-03-09","dateModified":"2023-05-07","author":{"@type":"Person","@id":"https:\/\/www.propoj.cz\/author\/#Person","name":"","url":"https:\/\/www.propoj.cz\/author\/","identifier":1,"image":{"@type":"ImageObject","@id":"https:\/\/secure.gravatar.com\/avatar\/a8eff27a95921eb0334c4b46176282bd?s=96&d=mm&r=g","url":"https:\/\/secure.gravatar.com\/avatar\/a8eff27a95921eb0334c4b46176282bd?s=96&d=mm&r=g","height":96,"width":96}},"publisher":{"@type":"Organization","name":"propoj.cz","logo":{"@type":"ImageObject","@id":"\/logo.png","url":"\/logo.png","width":600,"height":60}},"image":{"@type":"ImageObject","@id":"https:\/\/www.propoj.cz\/wp-content\/uploads\/rodina_800px_2.jpg","url":"https:\/\/www.propoj.cz\/wp-content\/uploads\/rodina_800px_2.jpg","height":0,"width":0},"url":"https:\/\/www.propoj.cz\/nase-kultura\/","about":["Kultura"],"wordCount":465,"articleBody":"Vzpom\u00edn\u00e1m si na ten prvn\u00ed den, kdy\u017e jsem \u0161la se z\u00e1kladn\u00ed \u0161kola poprv\u00e9 do kina. A mysl\u00edm si, \u017ee to byla poh\u00e1dka o \u010dertech a domn\u00edv\u00e1m se, \u017ee to byla Princezna ze mlejna. Podle m\u00e9ho n\u00e1zoru tam taky asi byli \u010derti, i kdy\u017e si to u\u017e po\u0159\u00e1dn\u011b nevybavuji, tak\u017ee nyn\u00ed si \u0159\u00edk\u00e1m, \u017ee bych se na to poh\u00e1dku mohla pod\u00edvat doma sama a znovu, bych si p\u0159ipomn\u011bla to, jak\u00e9 to bylo poprv\u00e9 v kin\u011b. Abych pravdu \u0159ekla, tak do t\u00e9 doby jsem v kin\u011b v\u016fbec nebyla. Nev\u00edm pro\u010d, ale na\u0161e m\u00e1ma nebo otec s n\u00e1mi v\u016fbec n\u011bkam nechodili. Oni v\u016fbec nebyli kulturn\u011b zalo\u017een\u00ed, tak\u017ee jsem ani nev\u011bd\u011bla, o co v\u016fbec p\u0159ich\u00e1z\u00edm.Jenom\u017ee kdy\u017e jsme potom \u0161li se \u0161kolou podruh\u00e9 do kina tak jsem si \u0159ekla, \u017ee to kino je opravdu perfektn\u00ed a nech\u00e1pu, pro\u010d tam s n\u00e1mi m\u00e1ma nechodila. A kdy\u017e jsem se j\u00ed na to zeptala, pro\u010d s n\u00e1mi jako s d\u011btmi vynech\u00e1vala ve\u0161ker\u00e9 kulturn\u00ed akce, tak mi moje m\u00e1ma \u0159ekla, \u017ee j\u00ed to nebavilo a \u017ee stejn\u011b asi nem\u011bl v\u016fbec \u017e\u00e1dn\u00e9 pen\u00edze. Mus\u00edm uznat, \u017ee m\u011b to opravdu hodn\u011b mrz\u00ed, proto\u017ee jsem cht\u011bla za\u017e\u00edt taky n\u011bco jin\u00e9ho ne\u017e jenom sed\u011bt doma. Jenom\u017ee na\u0161im rodi\u010d\u016fm se tohle v\u016fbec nel\u00edbilo, proto\u017ee \u0159ekli, \u017ee kultura je asi na nic, \u017ee zaplat\u00edte n\u011bco, co potom u\u017e to m\u00edt nebudete. Jenom\u017ee podle m\u00e9ho jsou d\u016fle\u017eit\u00e9 taky z\u00e1\u017eitky a nejenom materi\u00e1ln\u00ed v\u011bci. A pr\u00e1v\u011b k t\u011bmto z\u00e1\u017eitk\u016fm pom\u00e1h\u00e1 lidem kultura. Mysl\u00edm si, \u017ee kultura by m\u011bla b\u00fdt opravdu z ka\u017ed\u00e9 rodin\u011b, proto\u017ee to taky p\u0159in\u00e1\u0161\u00ed pocit pohodl\u00ed a klidu do rodiny. Tak jsem si \u0159ekla, \u017ee a\u017e budu m\u00edt vlastn\u00ed d\u011bti, co\u017e u\u017e nyn\u00ed vlastn\u011b m\u00e1m, tak tedy v\u016fbec nedopust\u00edm, aby nem\u011bly kulturn\u00ed z\u00e1\u017eitky. U\u017e bych cht\u011bla, aby ve \u0161koln\u00edm v\u011bku sm\u011bly chodit do divadla nebo do kina, aby v\u011bd\u011bly, \u017ee na sv\u011bt\u011b jsou i dal\u0161\u00ed kr\u00e1sn\u00e9 v\u011bci. A jak vn\u00edm\u00e1te kulturu vy? Nebo taky na to nem\u00e1te \u010das? V\u00edm, \u017ee n\u011bkdo to tak m\u00e1, ale t\u0159eba dv\u011b t\u0159i n\u00e1v\u0161t\u011bvy divadla ro\u010dn\u011b nikomu neubl\u00ed\u017e\u00ed. Taky bych cht\u011bla zm\u00ednit, \u017ee kvalitn\u00ed kultura d\u011bl\u00e1 \u010dlov\u011bku opravdu hodn\u011b dob\u0159e na du\u0161i, \u010dlov\u011bk je klidn\u011bj\u0161\u00ed a siln\u011bj\u0161\u00ed.                                                                                                                                                                                                                                                                                                                                                                                        3.6\/5 - (13 votes)        "},{"@context":"https:\/\/schema.org\/","@type":"BreadcrumbList","itemListElement":[{"@type":"ListItem","position":1,"name":"Na\u0161e kultura","item":"https:\/\/www.propoj.cz\/nase-kultura\/#breadcrumbitem"}]}]