[{"@context":"https:\/\/schema.org\/","@type":"Article","@id":"https:\/\/www.propoj.cz\/nad-vasim-zelenym-domem-budou-sousedi-zelenat-zavisti\/#Article","mainEntityOfPage":"https:\/\/www.propoj.cz\/nad-vasim-zelenym-domem-budou-sousedi-zelenat-zavisti\/","headline":"Nad va\u0161\u00edm zelen\u00fdm domem budou sousedi zelenat z\u00e1vist\u00ed","name":"Nad va\u0161\u00edm zelen\u00fdm domem budou sousedi zelenat z\u00e1vist\u00ed","description":"Ano, ne\u010dtete \u0161patn\u011b. Opravdu zezelenat. A to pomoc\u00ed n\u011bkter\u00e9 z&nbsp;pop\u00ednav\u00fdch rostlin, kter\u00e9 lze naj\u00edt na trhu. U n\u00e1s je asi nejb\u011b\u017en\u011bj\u0161\u00ed b\u0159e\u010d\u0165an. Nen\u00e1padn\u00e1 pop\u00ednav\u00e1 rostlinka s&nbsp;listy p\u0159ipom\u00ednaj\u00edc\u00edmi ty javorov\u00e9. K&nbsp;ob\u017eiv\u011b toho moc nepot\u0159ebuje, snad jen slun\u00ed\u010dko a n\u011bjakou oporu, po kter\u00e9 se m\u016f\u017ee radostn\u011b pnout. A tou m\u016f\u017ee b\u00fdt pr\u00e1v\u011b va\u0161e fas\u00e1da. P\u011bstov\u00e1n\u00ed B\u0159e\u010d\u0165an opravdu [&hellip;]","datePublished":"2019-06-06","dateModified":"2023-05-07","author":{"@type":"Person","@id":"https:\/\/www.propoj.cz\/author\/#Person","name":"","url":"https:\/\/www.propoj.cz\/author\/","identifier":1,"image":{"@type":"ImageObject","@id":"https:\/\/secure.gravatar.com\/avatar\/a8eff27a95921eb0334c4b46176282bd?s=96&d=mm&r=g","url":"https:\/\/secure.gravatar.com\/avatar\/a8eff27a95921eb0334c4b46176282bd?s=96&d=mm&r=g","height":96,"width":96}},"publisher":{"@type":"Organization","name":"propoj.cz","logo":{"@type":"ImageObject","@id":"\/logo.png","url":"\/logo.png","width":600,"height":60}},"image":{"@type":"ImageObject","@id":"https:\/\/www.propoj.cz\/wp-content\/uploads\/img_a347273_w2777_t1561476317.jpg","url":"https:\/\/www.propoj.cz\/wp-content\/uploads\/img_a347273_w2777_t1561476317.jpg","height":0,"width":0},"url":"https:\/\/www.propoj.cz\/nad-vasim-zelenym-domem-budou-sousedi-zelenat-zavisti\/","about":["D\u016fm a zahrada"],"wordCount":457,"articleBody":"\tAno, ne\u010dtete \u0161patn\u011b. Opravdu zezelenat. A to pomoc\u00ed n\u011bkter\u00e9 z&nbsp;pop\u00ednav\u00fdch rostlin, kter\u00e9 lze naj\u00edt na trhu. U n\u00e1s je asi nejb\u011b\u017en\u011bj\u0161\u00ed b\u0159e\u010d\u0165an. Nen\u00e1padn\u00e1 pop\u00ednav\u00e1 rostlinka s&nbsp;listy p\u0159ipom\u00ednaj\u00edc\u00edmi ty javorov\u00e9. K&nbsp;ob\u017eiv\u011b toho moc nepot\u0159ebuje, snad jen slun\u00ed\u010dko a n\u011bjakou oporu, po kter\u00e9 se m\u016f\u017ee radostn\u011b pnout. A tou m\u016f\u017ee b\u00fdt pr\u00e1v\u011b va\u0161e fas\u00e1da.\t\tP\u011bstov\u00e1n\u00edB\u0159e\u010d\u0165an opravdu nen\u00ed n\u00e1ro\u010dn\u00fd na p\u011bstov\u00e1n\u00ed. Jedin\u00e9, co je t\u0159eba ud\u011blat ze za\u010d\u00e1tku, ne\u017e se \u0159\u00e1dn\u011b zako\u0159en\u00ed, je ho ob\u010das zal\u00edt. Po tom, co jeho ko\u0159eny dos\u00e1hnou na vlhkost v&nbsp;p\u016fd\u011b si ji\u017e bude r\u016fst \u00fapln\u011b s\u00e1m. Rychlost, s&nbsp;jakou obepne cel\u00fd d\u016fm, z\u00e1le\u017e\u00ed velmi na jeho plo\u0161e a tak\u00e9 podneb\u00ed, ve kter\u00e9m se nach\u00e1z\u00edte. Zpravidla b\u00fdv\u00e1 pr\u016fm\u011brn\u00e1 doba 5-7 let. Jakmile dos\u00e1hne pln\u00e9 velikosti, je t\u0159eba ho zast\u0159ih\u00e1vat kolem oken, jinak by je cel\u00e9 zakryl listov\u00edm.\tV\u00fdhodyNyn\u00ed m\u016f\u017eete tvrdit, \u017ee m\u00e1te chytrou fas\u00e1du. Na ja\u0159e se zbarv\u00ed do sv\u011btle zelena, v&nbsp;l\u00e9t\u011b do tmav\u011b zelena a m\u00e1 aktivn\u00ed chlad\u00edc\u00ed a st\u00edn\u00edc\u00ed \u00fa\u010dinek, t\u00edm p\u00e1dem m\u00e1te m\u00edstnosti \u010d\u00e1ste\u010dn\u011b izolovan\u00e9 od vn\u011bj\u0161\u00edho prost\u0159ed\u00ed a nen\u00ed v&nbsp;nich takov\u00e9 horko. Tak\u00e9 poskytuje domov ve\u0161ker\u00e9mu zv\u00ed\u0159ectvu od pt\u00e1k\u016f a\u017e po v\u010dely nebo divok\u00e9 vosy, a proto je i vysoce ekologick\u00fd.Na podzim se zase zbarv\u00ed do \u010dervena aby dal najevo, \u017ee p\u0159es zimu opad\u00e1. Je to kr\u00e1sn\u00fd pohled. P\u0159es zimu nem\u00e1 listy a jsou vid\u011bt pouze hn\u011bd\u00e9 \u0161lahouny, co\u017e m\u00e1 op\u011bt esteticky v\u00fdhodn\u00fd \u00fa\u010dinek.\tNev\u00fdhodyKrom\u011b ptactva a hmyzu se v&nbsp;porostu mohou zdr\u017eovat i my\u0161i. Ov\u0161em to nen\u00ed je\u0161t\u011b takov\u00fd probl\u00e9m. Na dom\u011b m\u00e1me b\u0159e\u010d\u0165an ji\u017e deset let a ani jednou se n\u00e1m nestal \u017e\u00e1dn\u00fd incident s&nbsp;vniknut\u00edm hlodavce dovnit\u0159.N\u011bkdo m\u016f\u017ee tvrdit, \u017ee \u0161lahouny rozru\u0161uj\u00ed om\u00edtku. To nen\u00ed pravda, proto\u017ee rostlina se p\u0159ichycuje drobn\u00fdmi sofistikovan\u00fdmi p\u0159\u00edsavkami, kter\u00e9 do om\u00edtky rozhodn\u011b nevnikaj\u00ed. A jej\u00ed p\u0159ichycen\u00ed nen\u00ed zas a\u017e tak pevn\u00e9, aby jej\u00ed vytrhnut\u00ed m\u011blo n\u011bjak\u00fd \u0161patn\u00fd vliv na povrch.Pokud v\u00e1m ji\u017e dlouho tento zelen\u00fd n\u00e1pad ned\u00e1v\u00e1 sp\u00e1t, tak ur\u010dit\u011b nev\u00e1hejte a po\u0159i\u010fte si tento dopln\u011bk co nejd\u0159\u00edve!                                                                                                                                                                                                                                                                                                                                                                                        3.2\/5 - (5 votes)        "},{"@context":"https:\/\/schema.org\/","@type":"BreadcrumbList","itemListElement":[{"@type":"ListItem","position":1,"name":"Nad va\u0161\u00edm zelen\u00fdm domem budou sousedi zelenat z\u00e1vist\u00ed","item":"https:\/\/www.propoj.cz\/nad-vasim-zelenym-domem-budou-sousedi-zelenat-zavisti\/#breadcrumbitem"}]}]