[{"@context":"https:\/\/schema.org\/","@type":"Article","@id":"https:\/\/www.propoj.cz\/kdy-se-vystehovat-abychom-se-vyhnuli-stresu\/#Article","mainEntityOfPage":"https:\/\/www.propoj.cz\/kdy-se-vystehovat-abychom-se-vyhnuli-stresu\/","headline":"Kdy se vyst\u011bhovat, abychom se vyhnuli stresu","name":"Kdy se vyst\u011bhovat, abychom se vyhnuli stresu","description":"Jestli\u017ee v\u00e1m kon\u010d\u00ed n\u00e1jemn\u00ed smlouva a nem\u016f\u017eete se zrovna rozhodnout, ve kter\u00fd den se budete st\u011bhovat, m\u016f\u017eete si vybrat alespo\u0148 vhodn\u00fd \u010das. St\u011bhovac\u00ed firma se p\u0159izp\u016fsob\u00ed va\u0161im po\u017eadavk\u016fm, st\u00e1v\u00e1 se, \u017ee n\u011bkomu vyhovuje st\u011bhov\u00e1n\u00ed brzy r\u00e1no, n\u011bkdo ale nem\u00e1 r\u00e1no \u010das a vyhovuje mu ve\u010dern\u00ed st\u011bhov\u00e1n\u00ed, nebo dokonce akce \u010dist\u011b no\u010dn\u00ed. V\u0161e z\u00e1le\u017e\u00ed na domluv\u011b [&hellip;]","datePublished":"2021-11-07","dateModified":"2023-05-07","author":{"@type":"Person","@id":"https:\/\/www.propoj.cz\/author\/#Person","name":"","url":"https:\/\/www.propoj.cz\/author\/","identifier":1,"image":{"@type":"ImageObject","@id":"https:\/\/secure.gravatar.com\/avatar\/a8eff27a95921eb0334c4b46176282bd?s=96&d=mm&r=g","url":"https:\/\/secure.gravatar.com\/avatar\/a8eff27a95921eb0334c4b46176282bd?s=96&d=mm&r=g","height":96,"width":96}},"publisher":{"@type":"Organization","name":"propoj.cz","logo":{"@type":"ImageObject","@id":"\/logo.png","url":"\/logo.png","width":600,"height":60}},"image":{"@type":"ImageObject","@id":"https:\/\/www.propoj.cz\/wp-content\/uploads\/moving-boxes-g0141bb042_640.png","url":"https:\/\/www.propoj.cz\/wp-content\/uploads\/moving-boxes-g0141bb042_640.png","height":0,"width":0},"url":"https:\/\/www.propoj.cz\/kdy-se-vystehovat-abychom-se-vyhnuli-stresu\/","about":["Slu\u017eby"],"wordCount":445,"articleBody":"   Jestli\u017ee v\u00e1m kon\u010d\u00ed n\u00e1jemn\u00ed smlouva a nem\u016f\u017eete se zrovna rozhodnout, ve kter\u00fd den se budete st\u011bhovat, m\u016f\u017eete si vybrat alespo\u0148 vhodn\u00fd \u010das. St\u011bhovac\u00ed firma se p\u0159izp\u016fsob\u00ed va\u0161im po\u017eadavk\u016fm, st\u00e1v\u00e1 se, \u017ee n\u011bkomu vyhovuje st\u011bhov\u00e1n\u00ed brzy r\u00e1no, n\u011bkdo ale nem\u00e1 r\u00e1no \u010das a vyhovuje mu ve\u010dern\u00ed st\u011bhov\u00e1n\u00ed, nebo dokonce akce \u010dist\u011b no\u010dn\u00ed. V\u0161e z\u00e1le\u017e\u00ed na domluv\u011b mezi v\u00e1mi a st\u011bhovac\u00ed firmou a samoz\u0159ejm\u011b je \u017e\u00e1douc\u00ed d\u00e1t p\u0159ednost firm\u011b, kter\u00e1 je ochotn\u00e1 s v\u00e1mi o tom diskutovat.Jde to i ve sv\u00e1tc\u00edch a v\u00edkendech \u2013 v\u00edkendy jsou nesm\u00edrn\u011b obl\u00edben\u00e9 a tak\u00e9 b\u00fdvaj\u00ed velmi brzy rezervovan\u00e9, ov\u0161em nen\u00ed to tak v\u00fdhodn\u00e9, jak se zd\u00e1. P\u0159ikl\u00e1n\u00edme se k tomu, \u017ee ide\u00e1ln\u00ed term\u00edn, co se t\u00fd\u010de dn\u016f v t\u00fddnu, je st\u0159eda. A pro\u010d zrovna st\u0159eda? L\u00e1me se pracovn\u00ed t\u00fdden, v\u011bt\u0161ina lid\u00ed se ji\u017e t\u011b\u0161\u00ed na v\u00edkend a m\u00e1 jej p\u0159ed sebou a ty dva pracovn\u00ed dny ji\u017e zvl\u00e1dne \u201ep\u0159e\u017e\u00edt\u201c l\u00e9pe, ne\u017e kdy\u017e je pond\u011bl\u00ed r\u00e1no a p\u0159ed nimi cel\u00fd p\u011btidenn\u00ed pracovn\u00ed marat\u00f3n. Levn\u00e9 st\u011bhov\u00e1n\u00ed v Teplic\u00edch, realizovan\u00e9 ve st\u0159edu odpoledne, nav\u00edc nab\u00edz\u00ed br\u00e1t si volno ve \u010dtvrtek a v p\u00e1tek a p\u0159ed v\u00e1mi jsou cel\u00e9 \u010dty\u0159i dny na zabydlov\u00e1n\u00ed a vybalov\u00e1n\u00ed v\u011bc\u00ed z krabic. A pr\u00e1v\u011b vybalov\u00e1n\u00ed je psychicky mnohem n\u00e1ro\u010dn\u011bj\u0161\u00ed, ne\u017e samotn\u00e9 st\u011bhov\u00e1n\u00ed.St\u011bhov\u00e1ky neodrad\u00ed nep\u0159\u00edzniv\u00e9 po\u010das\u00ed \u2013 kdo si m\u016f\u017ee vybrat st\u011bhov\u00e1n\u00ed v ur\u010ditou ro\u010dn\u00ed dobu, je jist\u011b ve v\u00fdhod\u011b, nebo\u0165 je mnohem snaz\u0161\u00ed v pohod\u011b p\u0159en\u00e1\u0161et v\u011bci, kdy\u017e je p\u0159\u00edjemn\u00e9 teplo, tak akor\u00e1t, nen\u00ed ani vedro, ani mr\u00e1z, nemus\u00edte se neust\u00e1le svl\u00e9kat a obl\u00e9kat do svetr\u016f a rukavic, anebo ut\u00edrat z \u010dela pot. Optim\u00e1ln\u00ed je t\u0159eba kv\u011bten nebo z\u00e1\u0159\u00ed pro tyto pr\u00e1ce, a samoz\u0159ejm\u011b slune\u010dn\u00e9 po\u010das\u00ed. Ale ani mr\u00e1z, ani siln\u00fd d\u00e9\u0161\u0165 nezastav\u00ed st\u011bhovac\u00ed firmu tak, jako nezastav\u00ed t\u0159eba pracovn\u00edky Integrovan\u00e9ho z\u00e1chrann\u00e9ho sboru, kte\u0159\u00ed rovn\u011b\u017e nasazuj\u00ed sv\u00e9 s\u00edly, aby n\u00e1m pomohli. Nem\u011bjte tedy obavy, st\u011bhov\u00e1ci v\u00e1s nenechaj\u00ed na holi\u010dk\u00e1ch jenom proto, \u017ee by je \u201eofoukl v\u00edtr\u201c, nebo \u017ee by museli m\u00edt na sob\u011b pl\u00e1\u0161\u0165 do de\u0161t\u011b.                                                                                                                                                                                                                                                                                                                                                                                           4.1\/5 - (7 votes)        "},{"@context":"https:\/\/schema.org\/","@type":"BreadcrumbList","itemListElement":[{"@type":"ListItem","position":1,"name":"Kdy se vyst\u011bhovat, abychom se vyhnuli stresu","item":"https:\/\/www.propoj.cz\/kdy-se-vystehovat-abychom-se-vyhnuli-stresu\/#breadcrumbitem"}]}]