[{"@context":"https:\/\/schema.org\/","@type":"Article","@id":"https:\/\/www.propoj.cz\/horni-falcko-na-kolech\/#Article","mainEntityOfPage":"https:\/\/www.propoj.cz\/horni-falcko-na-kolech\/","headline":"Horn\u00ed Falcko na kolech","name":"Horn\u00ed Falcko na kolech","description":"Horn\u00ed Falcko le\u017e\u00ed na \u010desko-bavorsk\u00e9m pomez\u00ed. Ve kter\u00e9m\u00a0v minulosti byly v poho\u0159\u00ed Hornofalck\u00e9ho lesa ukryty \u017eeleznice. V dne\u0161n\u00ed dob\u011b u\u017e ale po nich vlaky nejezd\u00ed, tak\u017ee byly zru\u0161eny. A p\u0159em\u011bn\u011bny na cyklostezky, kter\u00e9 sv\u00e9 n\u00e1v\u0161t\u011bvn\u00edky provedou kouzelnou krajinou. Nev\u0161edn\u00ed z\u00e1\u017eitky tu m\u016f\u017ee sd\u00edlet cel\u00e1 rodina, proto\u017ee vzhledem k dob\u0159e sj\u00edzdn\u00e9mu povrchu, i t\u011bch\u00a0bez asfaltu, umo\u017en\u00ed [&hellip;]","datePublished":"2021-12-12","dateModified":"2023-05-07","author":{"@type":"Person","@id":"https:\/\/www.propoj.cz\/author\/#Person","name":"","url":"https:\/\/www.propoj.cz\/author\/","identifier":1,"image":{"@type":"ImageObject","@id":"https:\/\/secure.gravatar.com\/avatar\/a8eff27a95921eb0334c4b46176282bd?s=96&d=mm&r=g","url":"https:\/\/secure.gravatar.com\/avatar\/a8eff27a95921eb0334c4b46176282bd?s=96&d=mm&r=g","height":96,"width":96}},"publisher":{"@type":"Organization","name":"propoj.cz","logo":{"@type":"ImageObject","@id":"\/logo.png","url":"\/logo.png","width":600,"height":60}},"image":{"@type":"ImageObject","@id":"https:\/\/www.propoj.cz\/wp-content\/uploads\/couple-gac60cab64_640_1.jpg","url":"https:\/\/www.propoj.cz\/wp-content\/uploads\/couple-gac60cab64_640_1.jpg","height":0,"width":0},"url":"https:\/\/www.propoj.cz\/horni-falcko-na-kolech\/","about":["Cestov\u00e1n\u00ed"],"wordCount":435,"articleBody":"Horn\u00ed Falcko le\u017e\u00ed na \u010desko-bavorsk\u00e9m pomez\u00ed. Ve kter\u00e9m\u00a0v minulosti byly v poho\u0159\u00ed Hornofalck\u00e9ho lesa ukryty \u017eeleznice. V dne\u0161n\u00ed dob\u011b u\u017e ale po nich vlaky nejezd\u00ed, tak\u017ee byly zru\u0161eny. A p\u0159em\u011bn\u011bny na cyklostezky, kter\u00e9 sv\u00e9 n\u00e1v\u0161t\u011bvn\u00edky provedou kouzelnou krajinou. Nev\u0161edn\u00ed z\u00e1\u017eitky tu m\u016f\u017ee sd\u00edlet cel\u00e1 rodina, proto\u017ee vzhledem k dob\u0159e sj\u00edzdn\u00e9mu povrchu, i t\u011bch\u00a0bez asfaltu, umo\u017en\u00ed pohodovou j\u00edzdu i men\u0161\u00edm d\u011btem. Klidn\u00e1 krajina, vedouc\u00ed p\u0159es b\u00fdval\u00e9 \u017eelezni\u010dn\u00ed mosty, bavorsk\u00fdmi vesni\u010dkami, historick\u00fdmi pam\u00e1tkami v okol\u00ed zachoval\u00fdch hrad\u016f. D\u0159\u00edve vyu\u017e\u00edvan\u00e1\u00a0n\u00e1dra\u017e\u00ed byly p\u0159ebudov\u00e1na na \u00fatuln\u00e9 hosp\u016fdky,\u00a0nab\u00edzej\u00edc\u00edmi ob\u010derstven\u00ed a m\u00edstn\u00ed speciality.Ve kter\u00fdch si v\u0161ichni cyklist\u00e9 r\u00e1di odpo\u010dinou. Cel\u00e1 oblast, ve kter\u00e9 se rozhodnete str\u00e1vit svoji cyklodovolenou, soused\u00ed z na\u0161\u00ed republikou. A tak i doprava na m\u00edsto ubytov\u00e1n\u00ed nebude pro celou rodinu s d\u011btmi p\u0159\u00edli\u0161 n\u00e1ro\u010dn\u00e1. V hotelech, kter\u00e9 zaji\u0161\u0165uj\u00ed nejen pohodln\u00e9 ubytov\u00e1n\u00ed, ale i stravov\u00e1n\u00ed. Nej\u010dast\u011bji formou \u0161v\u00e9dsk\u00fdch stol\u016f. V mnoha ubytovac\u00edch za\u0159\u00edzen\u00edch b\u00fdvaj\u00ed\u00a0k dispozici i vnit\u0159n\u00ed baz\u00e9ny, ve kter\u00fdch se mohou v\u0161ichni cyklist\u00e9 po celodenn\u00edm v\u00fdletu nejen okoupat, ale i zrelaxovat.Mezi nejzn\u00e1m\u011bj\u0161\u00ed c\u00edle, kter\u00e9 si ur\u010dit\u011b na\u00a0sv\u00e9 cyklodovolen\u00e9 v Horn\u00edm Falcku nenechejte uj\u00edt, je\u00a0n\u00e1v\u0161t\u011bva historick\u00fdch m\u011bst Weiden, Nabburg a Neustad. M\u00edst, na kter\u00e1 v\u00e1s cyklostezky p\u0159\u00edmo dovedou. A u umo\u017en\u00ed tak sezn\u00e1men\u00ed se zaj\u00edmavou histori\u00ed tohoto kraje. Co\u017e ocen\u00ed i va\u0161e d\u011bti v hodin\u00e1ch d\u011bjepisu. Dal\u0161\u00edm nezapomenuteln\u00fdm z\u00e1\u017eitkem je n\u00e1v\u0161t\u011bva malebn\u00e9ho m\u011bsta Regensburgu. Jeho\u017e dominantou, kter\u00e1 je viditeln\u00e1 u\u017e zd\u00e1lky, je impozantn\u00ed gotick\u00e1 katedr\u00e1la. A dochov\u00e1ny ve velk\u00e9 m\u00ed\u0159e jsou i st\u0159edov\u011bk\u00e9 domy. Do n\u011bkter\u00fdch z nich budete moci nahl\u00e9dnout. D\u011btmi obl\u00edben\u00fd v\u00fdlet na kolech po zru\u0161en\u00e9 \u017eeleznici vede Bavorsk\u00fdm lesem a\u017e k Dunaji. Na jedn\u00e9 z tras je mo\u017en\u00e9 nav\u0161t\u00edvit Aquapark. Co\u017e p\u0159iv\u00edt\u00e1 cel\u00e1 rodina. Jsou v n\u011bm tobog\u00e1ny a dal\u0161\u00ed z\u00e1bavn\u00e1 za\u0159\u00edzen\u00ed.\u00a0\u00a0A pro v\u0161echny, kte\u0159\u00ed si budou cht\u00edt dop\u0159\u00e1t mas\u00e1\u017e, mohou vyu\u017e\u00edt slu\u017eeb m\u00edstn\u00edch odborn\u00edk\u016f. A zakon\u010dit j\u00ed perli\u010dkovou koupel\u00ed.                                                                                                                                                                                                                                                                                                                                                                                        3.3\/5 - (3 votes)        "},{"@context":"https:\/\/schema.org\/","@type":"BreadcrumbList","itemListElement":[{"@type":"ListItem","position":1,"name":"Horn\u00ed Falcko na kolech","item":"https:\/\/www.propoj.cz\/horni-falcko-na-kolech\/#breadcrumbitem"}]}]