[{"@context":"https:\/\/schema.org\/","@type":"Article","@id":"https:\/\/www.propoj.cz\/bily-nebo-barevny-stale-ma-svoji-dulezitou-roli\/#Article","mainEntityOfPage":"https:\/\/www.propoj.cz\/bily-nebo-barevny-stale-ma-svoji-dulezitou-roli\/","headline":"B\u00edl\u00fd nebo barevn\u00fd, st\u00e1le m\u00e1 svoji d\u016fle\u017eitou roli","name":"B\u00edl\u00fd nebo barevn\u00fd, st\u00e1le m\u00e1 svoji d\u016fle\u017eitou roli","description":"\u017de jsme trochu vzbudili zv\u011bdavost, o co se vlastn\u011b jedn\u00e1? Mo\u017en\u00e1 bude n\u011bkdo zklaman\u00fd, ale v podstat\u011b je to pap\u00edr. Zkr\u00e1tka klasick\u00fd kancel\u00e1\u0159sk\u00fd, neboli pokud n\u011bkdo chce vzne\u0161en\u011bj\u0161\u00ed n\u00e1zev, xerografick\u00fd pap\u00edr. P\u0159esn\u011b tak i v dob\u011b tak protkan\u00e9 elektronikou, kdy si p\u00ed\u0161eme zpr\u00e1vy do chatu nebo pos\u00edl\u00e1me e-mailem, ho stejn\u011b pot\u0159ebujeme. \u017d\u00e1dn\u00e1 firma se bez [&hellip;]","datePublished":"2019-09-13","dateModified":"2023-05-07","author":{"@type":"Person","@id":"https:\/\/www.propoj.cz\/author\/#Person","name":"","url":"https:\/\/www.propoj.cz\/author\/","identifier":1,"image":{"@type":"ImageObject","@id":"https:\/\/secure.gravatar.com\/avatar\/a8eff27a95921eb0334c4b46176282bd?s=96&d=mm&r=g","url":"https:\/\/secure.gravatar.com\/avatar\/a8eff27a95921eb0334c4b46176282bd?s=96&d=mm&r=g","height":96,"width":96}},"publisher":{"@type":"Organization","name":"propoj.cz","logo":{"@type":"ImageObject","@id":"\/logo.png","url":"\/logo.png","width":600,"height":60}},"image":{"@type":"ImageObject","@id":"https:\/\/www.propoj.cz\/wp-content\/uploads\/img_a345286_w1717_t1558956931.jpg","url":"https:\/\/www.propoj.cz\/wp-content\/uploads\/img_a345286_w1717_t1558956931.jpg","height":0,"width":0},"url":"https:\/\/www.propoj.cz\/bily-nebo-barevny-stale-ma-svoji-dulezitou-roli\/","about":["V\u00fdrobky"],"wordCount":445,"articleBody":"        \u017de jsme trochu vzbudili zv\u011bdavost, o co se vlastn\u011b jedn\u00e1? Mo\u017en\u00e1 bude n\u011bkdo zklaman\u00fd, ale v podstat\u011b je to pap\u00edr. Zkr\u00e1tka klasick\u00fd kancel\u00e1\u0159sk\u00fd, neboli pokud n\u011bkdo chce vzne\u0161en\u011bj\u0161\u00ed n\u00e1zev, xerografick\u00fd pap\u00edr. P\u0159esn\u011b tak i v dob\u011b tak protkan\u00e9 elektronikou, kdy si p\u00ed\u0161eme zpr\u00e1vy do chatu nebo pos\u00edl\u00e1me e-mailem, ho stejn\u011b pot\u0159ebujeme. \u017d\u00e1dn\u00e1 firma se bez n\u011bj neobejde a v podstat\u011b ani dom\u00e1cnost. St\u00e1le se n\u011bco kop\u00edruje, tiskne, ale i tvo\u0159\u00ed. Ve\u0161ker\u00e9 smlouvy, n\u00e1vrhy nebo faktury jsou vyti\u0161t\u011bny pr\u00e1v\u011b na n\u011bm, a kdy\u017e je barevn\u00fd, tak se vyu\u017eije i na tvorbu reklamn\u00edch nebo prezenta\u010dn\u00edch let\u00e1\u010dk\u016f \u010di vizitek.  I pap\u00edr pro\u0161el zm\u011bnou Na trhu existuj\u00ed r\u016fzn\u00e9 druhy pap\u00edr\u016f, a a\u010d se to nezd\u00e1, tak se jedn\u00e1 o produkt, kter\u00fd ne\u017e vlo\u017e\u00edme do ko\u0161\u00edku, stoj\u00ed za \u00favahu. Vybrat si m\u016f\u017eeme nap\u0159\u00edklad https:\/\/www.2pack.cz\/xerograficky-papir-80g-500listu, kter\u00fd se pou\u017e\u00edv\u00e1 asi \u00fapln\u011b nejv\u00edce. Ale zakoupit se d\u00e1 ve velikosti A0, A1, A2, A3, A4 mo\u017en\u00e1 i A5, ale skute\u010dn\u011b nejv\u00edce se pou\u017e\u00edv\u00e1 A4. Velikost je n\u00e1m vcelku jasn\u00e1, ale jak je to s ostatn\u00edmi parametry?  Gram\u00e1\u017e \u2013 existuj\u00ed skute\u010dn\u011b r\u016fzn\u00e9 druhy pap\u00edru a v\u011bt\u0161inou gram\u00e1\u017e ur\u010duje jeho dal\u0161\u00ed pou\u017eit\u00ed. Podle n\u00ed pozn\u00e1me, jak moc je pap\u00edr t\u011b\u017ek\u00fd. Je logick\u00e9, \u017ee \u010d\u00edm bude \u010d\u00edslo v\u011bt\u0161\u00ed, t\u00edm se bude jednat o pap\u00edr t\u011b\u017e\u0161\u00ed. 70 \u2013 80 g\/m2 \u2013 to je klasick\u00fd kancel\u00e1\u0159sk\u00fd pap\u00edr vhodn\u00fd na tisk, kop\u00edrov\u00e1n\u00ed, psan\u00ed atd. 100 -130 g\/m2 \u2013 tento se hod\u00ed pro let\u00e1\u010dky nebo propaga\u010dn\u00ed materi\u00e1l. 200 \u2013 200 g\/m2 \u2013 tady je trochu t\u011b\u017e\u0161\u00ed v\u00e1ha, ale pr\u00e1vem, daj\u00ed se tisknout propaga\u010dn\u00ed materi\u00e1ly, fotografie, katalogy apod.  Barva a jas \u2013 i pap\u00edr m\u016f\u017eeme zrakov\u011b odli\u0161it a nen\u00ed to tak slo\u017eit\u00e9. Jasn\u011bj\u0161\u00ed verze bude samoz\u0159ejm\u011b odr\u00e1\u017eet od povrchu v\u00edce sv\u011btla, pot\u00e9 to bude m\u00edt vliv na samotn\u00fd tisk, kter\u00fd bude jasn\u011bj\u0161\u00ed a ost\u0159ej\u0161\u00ed. Pap\u00edr pro oboustrann\u00fd tisk by se rozhodn\u011b nem\u011bl podce\u0148ovat. Jakmile bude gram\u00e1\u017e p\u0159\u00edli\u0161 n\u00edzk\u00e1, tak se bohu\u017eel tisk m\u016f\u017ee zviditelnit i na druh\u00e9 stran\u011b, co\u017e je \u0161patn\u011b. Tud\u00ed\u017e je lep\u0161\u00ed zvolit s vysok\u00fdm stupn\u011bm nepr\u016fhlednosti. Dal\u0161\u00edmi parametry jsou b\u011blost, odst\u00edn, hladkost, propustnost a mnoh\u00e9 dal\u0161\u00ed, ale ty zrovna p\u0159i klasick\u00e9m a b\u011b\u017en\u00e9m pou\u017e\u00edv\u00e1n\u00ed rozhodn\u011b zkoumat nebudeme.                                                                                                                                                                                                                                                                                                                                                                                                  "},{"@context":"https:\/\/schema.org\/","@type":"BreadcrumbList","itemListElement":[{"@type":"ListItem","position":1,"name":"B\u00edl\u00fd nebo barevn\u00fd, st\u00e1le m\u00e1 svoji d\u016fle\u017eitou roli","item":"https:\/\/www.propoj.cz\/bily-nebo-barevny-stale-ma-svoji-dulezitou-roli\/#breadcrumbitem"}]}]