[{"@context":"https:\/\/schema.org\/","@type":"Article","@id":"https:\/\/www.propoj.cz\/advent-v-poklidu\/#Article","mainEntityOfPage":"https:\/\/www.propoj.cz\/advent-v-poklidu\/","headline":"Advent v poklidu","name":"Advent v poklidu","description":"P\u0159edv\u00e1no\u010dn\u00ed obdob\u00ed je u n\u00e1s v&nbsp;\u010cesk\u00e9 republice typick\u00e9 zimn\u00edm po\u010das\u00edm tzn. sn\u00edh, mr\u00e1z, n\u00e1led\u00ed a podobn\u011b. Ka\u017edoro\u010dn\u00ed honba za d\u00e1rky a s&nbsp;t\u00edm spojen\u00fd stres jsou tak\u00e9 typick\u00fdmi znaky tohoto kouzeln\u00e9ho obdob\u00ed. Pokud chcete za\u017e\u00edt p\u0159edv\u00e1no\u010dn\u00ed \u010das jinak a opravdu si u\u017e\u00edt atmosf\u00e9ru, kdy se nikdo za ni\u010d\u00edm nehon\u00ed a nestresuje se, zaje\u010fte si na advent [&hellip;]","datePublished":"2019-10-10","dateModified":"2023-05-07","author":{"@type":"Person","@id":"https:\/\/www.propoj.cz\/author\/#Person","name":"","url":"https:\/\/www.propoj.cz\/author\/","identifier":1,"image":{"@type":"ImageObject","@id":"https:\/\/secure.gravatar.com\/avatar\/a8eff27a95921eb0334c4b46176282bd?s=96&d=mm&r=g","url":"https:\/\/secure.gravatar.com\/avatar\/a8eff27a95921eb0334c4b46176282bd?s=96&d=mm&r=g","height":96,"width":96}},"publisher":{"@type":"Organization","name":"propoj.cz","logo":{"@type":"ImageObject","@id":"\/logo.png","url":"\/logo.png","width":600,"height":60}},"image":{"@type":"ImageObject","@id":"https:\/\/www.propoj.cz\/wp-content\/uploads\/img_a357621_w2943_t1572119688.jpg","url":"https:\/\/www.propoj.cz\/wp-content\/uploads\/img_a357621_w2943_t1572119688.jpg","height":0,"width":0},"url":"https:\/\/www.propoj.cz\/advent-v-poklidu\/","about":["Cestov\u00e1n\u00ed"],"wordCount":445,"articleBody":"P\u0159edv\u00e1no\u010dn\u00ed obdob\u00ed je u n\u00e1s v&nbsp;\u010cesk\u00e9 republice typick\u00e9 zimn\u00edm po\u010das\u00edm tzn. sn\u00edh, mr\u00e1z, n\u00e1led\u00ed a podobn\u011b. Ka\u017edoro\u010dn\u00ed honba za d\u00e1rky a s&nbsp;t\u00edm spojen\u00fd stres jsou tak\u00e9 typick\u00fdmi znaky tohoto kouzeln\u00e9ho obdob\u00ed. Pokud chcete za\u017e\u00edt p\u0159edv\u00e1no\u010dn\u00ed \u010das jinak a opravdu si u\u017e\u00edt atmosf\u00e9ru, kdy se nikdo za ni\u010d\u00edm nehon\u00ed a nestresuje se, zaje\u010fte si na advent do \u0158\u00edma. Po\u010das\u00ed je zde v&nbsp;tuto dobu o n\u011bco teplej\u0161\u00ed ne\u017e u n\u00e1s, teplota se pohybuje pr\u016fm\u011brn\u011b kolem 15&deg;C, av\u0161ak mohlo by v\u00e1s nemile p\u0159ekvapit de\u0161tiv\u011bj\u0161\u00ed po\u010das\u00ed, proto si na cestu p\u0159ibalte de\u0161tn\u00edk.\t\u0158\u00edman\u00e9 za\u010d\u00ednaj\u00ed rozsv\u011bcen\u00edm velk\u00fdch nazdoben\u00fdch stromk\u016f na frekventovan\u00fdch m\u00edstech a n\u00e1m\u011bst\u00edch od 8. prosince, kdy je sv\u00e1tek neposkvrn\u011bn\u00e9ho po\u010det\u00ed Panny Marie. Tento den je pro \u0158\u00edmany st\u00e1tn\u00edm sv\u00e1tkem, ka\u017edoro\u010dn\u011b pape\u017e proj\u00ed\u017ed\u00ed m\u011bstem a proj\u00ed\u017e\u010fku zakon\u010duje projevem na \u0160pan\u011blsk\u00e9m n\u00e1m\u011bst\u00ed.\t\tAtmosf\u00e9ra v&nbsp;\u0158\u00edme je \u00fapln\u011b jin\u00e1, ne\u017e jsme zvykl\u00ed. V\u0161e prob\u00edh\u00e1 v&nbsp;poklidu bez shonu a stresu. M\u00edstn\u00ed neslav\u00ed V\u00e1noce tak jako my u n\u00e1s, nezdob\u00ed si strome\u010dky doma, d\u00e1rky si poprv\u00e9 d\u00e1vaj\u00ed a\u017e 25. prosince. Dal\u0161\u00ed \u010d\u00e1st d\u00e1rk\u016f dost\u00e1vaj\u00ed 5.1., kdy ofici\u00e1ln\u011b kon\u010d\u00ed v\u00e1no\u010dn\u00ed \u010das. Traduje se, \u017ee d\u00e1rky v&nbsp;tento den p\u0159in\u00e1\u0161\u00ed \u010darod\u011bjnice Befana, kter\u00e1 m\u00e1 symbolizovat uplynul\u00fd rok. V noci se na v\u0161ech italsk\u00fdm n\u00e1m\u011bst\u00edch zapaluj\u00ed ohn\u011b na znamen\u00ed up\u00e1len\u00ed \u010darod\u011bjnice Befany a rozlou\u010den\u00ed se tak s&nbsp;uplynul\u00fdm rokem.\t\tV\u017edy v&nbsp;adventn\u00ed \u010das je po cel\u00e9 metropoli na r\u016fzn\u00fdch m\u00edstech um\u00edst\u011bno n\u011bkolik set betl\u00e9m\u016f. Nejv\u011bt\u0161\u00ed koncentrace je na n\u00e1m\u011bst\u00ed Popolo. Betl\u00e9my maj\u00ed celkov\u011b v&nbsp;cel\u00e9 It\u00e1lii svou tradici, kter\u00e1 se dodr\u017euje dodnes. V&nbsp;\u0158\u00edm\u011b na n\u011b naraz\u00edte t\u00e9m\u011b\u0159 na ka\u017ed\u00e9m rohu stejn\u011b jako na pe\u010den\u00e9 ka\u0161tany, kter\u00e9 pat\u0159\u00ed mezi tradi\u010dn\u00ed pochoutku. Nejv\u011bt\u0161\u00ed adventn\u00ed trhy i s koloto\u010dem najdete na n\u00e1m\u011bst\u00ed Navona, kde je spousta st\u00e1nku, kter\u00e9 nab\u00edz\u00ed a\u0165 u\u017e typick\u00e9 ru\u010dn\u011b vyr\u00e1b\u011bn\u00e9 produkty, jako jsou ozdoby, \u0161perky, sv\u00edce nebo betl\u00e9my, tak i tradi\u010dn\u00ed mls\u00e1n\u00ed. Typick\u00e1 italsk\u00e1 dobrota je Panettone nebo Pandoro, kter\u00e9 ur\u010dit\u011b mus\u00edte ochutnat.                                                                                                                                                                                                                                                                                                                                                                                        3.2\/5 - (9 votes)        "},{"@context":"https:\/\/schema.org\/","@type":"BreadcrumbList","itemListElement":[{"@type":"ListItem","position":1,"name":"Advent v poklidu","item":"https:\/\/www.propoj.cz\/advent-v-poklidu\/#breadcrumbitem"}]}]